{"id":9317,"date":"2025-02-08T00:10:51","date_gmt":"2025-02-08T00:10:51","guid":{"rendered":"https:\/\/elhijodelllanero.mx\/?p=9317"},"modified":"2025-02-08T00:10:51","modified_gmt":"2025-02-08T00:10:51","slug":"coordinacion-pieza-clave-para-dar-resultados-chelis-oliveros","status":"publish","type":"post","link":"https:\/\/elhijodelllanero.mx\/index.php\/2025\/02\/08\/coordinacion-pieza-clave-para-dar-resultados-chelis-oliveros\/","title":{"rendered":"COORDINACI\u00d3N, PIEZA CLAVE PARA DAR RESULTADOS:\u00a0CHELIS OLIVEROS"},"content":{"rendered":"<p><img data-recalc-dims=\"1\" loading=\"lazy\" decoding=\"async\" class=\"alignnone size-medium wp-image-9318\" src=\"https:\/\/i0.wp.com\/elhijodelllanero.mx\/wp-content\/uploads\/2025\/02\/IMG-20250207-WA0053.jpg?resize=300%2C200&#038;ssl=1\" alt=\"\" width=\"300\" height=\"200\" srcset=\"https:\/\/i0.wp.com\/elhijodelllanero.mx\/wp-content\/uploads\/2025\/02\/IMG-20250207-WA0053.jpg?resize=300%2C200&amp;ssl=1 300w, https:\/\/i0.wp.com\/elhijodelllanero.mx\/wp-content\/uploads\/2025\/02\/IMG-20250207-WA0053.jpg?resize=1024%2C684&amp;ssl=1 1024w, https:\/\/i0.wp.com\/elhijodelllanero.mx\/wp-content\/uploads\/2025\/02\/IMG-20250207-WA0053.jpg?resize=768%2C513&amp;ssl=1 768w, https:\/\/i0.wp.com\/elhijodelllanero.mx\/wp-content\/uploads\/2025\/02\/IMG-20250207-WA0053.jpg?resize=629%2C420&amp;ssl=1 629w, https:\/\/i0.wp.com\/elhijodelllanero.mx\/wp-content\/uploads\/2025\/02\/IMG-20250207-WA0053.jpg?resize=696%2C465&amp;ssl=1 696w, https:\/\/i0.wp.com\/elhijodelllanero.mx\/wp-content\/uploads\/2025\/02\/IMG-20250207-WA0053.jpg?resize=1068%2C713&amp;ssl=1 1068w, https:\/\/i0.wp.com\/elhijodelllanero.mx\/wp-content\/uploads\/2025\/02\/IMG-20250207-WA0053.jpg?w=1280&amp;ssl=1 1280w\" sizes=\"auto, (max-width: 300px) 100vw, 300px\" \/><\/p>\n<p>Le\u00f3n, Gto.-7 de febrero del 2025. &#8211; \u201cEstoy seguro de que la coordinaci\u00f3n eficaz de los tres niveles de gobierno es la pieza clave y fundamental para dar resultados\u201d, asegur\u00f3 el Presidente Municipal, Jos\u00e9 Luis Oliveros, en la Firma de Convenio de Colaboraci\u00f3n para el Programa Nacional de Vivienda para el Bienestar en el Estado de Guanajuato.<\/p>\n<p>El Presidente de Apaseo el Grande emiti\u00f3 un mensaje en representaci\u00f3n de los Alcaldes del Estado que participaron en esta firma de convenio, encabezado por la Gobernadora Libia Dennise Garc\u00eda Mu\u00f1oz Ledo, el cual se desarroll\u00f3 en el F\u00f3rum Cultural Guanajuato en el municipio de Le\u00f3n.<\/p>\n<p>Jos\u00e9 Luis Oliveros expres\u00f3 que esta acci\u00f3n compromete a los gobiernos a agilizar de los tr\u00e1mites en el \u00e1mbito de sus competencias en las diferentes esferas de gobierno, siendo esto un paso fundamental para fortalecer las pol\u00edticas de vivienda y el desarrollo urbano en la entidad.<\/p>\n<p>Sabedores de que ello dar\u00e1 crecimiento ordenado, mejoramiento a la vivencia y una mejor calidad de vida para las familias\u201d, enfatiz\u00f3.<\/p>\n<p>Asimismo, en su intervenci\u00f3n se\u00f1al\u00f3 que los factores que generan la problem\u00e1tica del desarrollo irregular son m\u00faltiples, sin embargo, el com\u00fan denominador es que las familias no tienen acceso a los servicios de forma justa y equitativa.<\/p>\n<p>Por ello, reiter\u00f3 que la disposici\u00f3n de las autoridades federales, estatales y municipales, para el trabajo en equipo que a trav\u00e9s de este convenio para la implementaci\u00f3n del Programa Nacional de Vivienda para el Bienestar en el Estado de Guanajuato.<\/p>\n<p>Mediante este programa, se busca garantizar soluciones integrales de vivienda, impulsando acciones como la donaci\u00f3n de predios, la agilizaci\u00f3n de tr\u00e1mites, la certeza jur\u00eddica para las familias y la optimizaci\u00f3n de recursos.<\/p>\n<p>Finalmente, hizo un llamado a los alcaldes del Estado: \u201capresuremos el paso en nuestras dependencias, coordinemos a nuestros equipos porque el esfuerzo de hoy dar\u00e1 la oportunidad del futuro que esperan las familias\u201d, dijo.<\/p>\n","protected":false},"excerpt":{"rendered":"<p>Le\u00f3n, Gto.-7 de febrero del 2025. &#8211; \u201cEstoy seguro de que la coordinaci\u00f3n eficaz de los tres niveles de gobierno es la pieza clave y fundamental para dar resultados\u201d, asegur\u00f3 el Presidente Municipal, Jos\u00e9 Luis Oliveros, en la Firma de Convenio de Colaboraci\u00f3n para el Programa Nacional de Vivienda para el Bienestar en el Estado [&hellip;]<\/p>\n","protected":false},"author":3,"featured_media":0,"comment_status":"open","ping_status":"closed","sticky":false,"template":"","format":"standard","meta":{"_jetpack_newsletter_access":"","_jetpack_dont_email_post_to_subs":false,"_jetpack_newsletter_tier_id":0,"_jetpack_memberships_contains_paywalled_content":false,"_jetpack_memberships_contains_paid_content":false,"footnotes":""},"categories":[78,76],"tags":[],"class_list":{"0":"post-9317","1":"post","2":"type-post","3":"status-publish","4":"format-standard","6":"category-apaseo-el-grande","7":"category-municipios"},"yoast_head":"<!-- This site is optimized with the Yoast SEO plugin v27.3 - https:\/\/yoast.com\/product\/yoast-seo-wordpress\/ -->\n<title>COORDINACI\u00d3N, PIEZA CLAVE PARA DAR RESULTADOS:\u00a0CHELIS OLIVEROS - El Hijo del llanero solititito<\/title>\n<meta name=\"robots\" content=\"index, follow, max-snippet:-1, max-image-preview:large, max-video-preview:-1\" \/>\n<link rel=\"canonical\" href=\"https:\/\/elhijodelllanero.mx\/index.php\/2025\/02\/08\/coordinacion-pieza-clave-para-dar-resultados-chelis-oliveros\/\" \/>\n<meta property=\"og:locale\" content=\"es_ES\" \/>\n<meta property=\"og:type\" content=\"article\" \/>\n<meta property=\"og:title\" content=\"COORDINACI\u00d3N, PIEZA CLAVE PARA DAR RESULTADOS:\u00a0CHELIS OLIVEROS - El Hijo del llanero solititito\" \/>\n<meta property=\"og:description\" content=\"Le\u00f3n, Gto.-7 de febrero del 2025. &#8211; \u201cEstoy seguro de que la coordinaci\u00f3n eficaz de los tres niveles de gobierno es la pieza clave y fundamental para dar resultados\u201d, asegur\u00f3 el Presidente Municipal, Jos\u00e9 Luis Oliveros, en la Firma de Convenio de Colaboraci\u00f3n para el Programa Nacional de Vivienda para el Bienestar en el Estado [&hellip;]\" \/>\n<meta property=\"og:url\" content=\"https:\/\/elhijodelllanero.mx\/index.php\/2025\/02\/08\/coordinacion-pieza-clave-para-dar-resultados-chelis-oliveros\/\" \/>\n<meta property=\"og:site_name\" content=\"El Hijo del llanero solititito\" \/>\n<meta property=\"article:published_time\" content=\"2025-02-08T00:10:51+00:00\" \/>\n<meta property=\"og:image\" content=\"https:\/\/elhijodelllanero.mx\/wp-content\/uploads\/2025\/02\/IMG-20250207-WA0053-300x200.jpg\" \/>\n<meta name=\"author\" content=\"Mar\u00eda de la Paz Rodarte Ram\u00edrez\" \/>\n<meta name=\"twitter:card\" content=\"summary_large_image\" \/>\n<meta name=\"twitter:label1\" content=\"Escrito por\" \/>\n\t<meta name=\"twitter:data1\" content=\"Mar\u00eda de la Paz Rodarte Ram\u00edrez\" \/>\n\t<meta name=\"twitter:label2\" content=\"Tiempo de lectura\" \/>\n\t<meta name=\"twitter:data2\" content=\"2 minutos\" \/>\n<script type=\"application\/ld+json\" class=\"yoast-schema-graph\">{\"@context\":\"https:\\\/\\\/schema.org\",\"@graph\":[{\"@type\":\"Article\",\"@id\":\"https:\\\/\\\/elhijodelllanero.mx\\\/index.php\\\/2025\\\/02\\\/08\\\/coordinacion-pieza-clave-para-dar-resultados-chelis-oliveros\\\/#article\",\"isPartOf\":{\"@id\":\"https:\\\/\\\/elhijodelllanero.mx\\\/index.php\\\/2025\\\/02\\\/08\\\/coordinacion-pieza-clave-para-dar-resultados-chelis-oliveros\\\/\"},\"author\":{\"name\":\"Mar\u00eda de la Paz Rodarte Ram\u00edrez\",\"@id\":\"https:\\\/\\\/elhijodelllanero.mx\\\/#\\\/schema\\\/person\\\/c7f8c86c55c1eab44ae2b93a9628245f\"},\"headline\":\"COORDINACI\u00d3N, PIEZA CLAVE PARA DAR RESULTADOS:\u00a0CHELIS OLIVEROS\",\"datePublished\":\"2025-02-08T00:10:51+00:00\",\"mainEntityOfPage\":{\"@id\":\"https:\\\/\\\/elhijodelllanero.mx\\\/index.php\\\/2025\\\/02\\\/08\\\/coordinacion-pieza-clave-para-dar-resultados-chelis-oliveros\\\/\"},\"wordCount\":346,\"commentCount\":0,\"image\":{\"@id\":\"https:\\\/\\\/elhijodelllanero.mx\\\/index.php\\\/2025\\\/02\\\/08\\\/coordinacion-pieza-clave-para-dar-resultados-chelis-oliveros\\\/#primaryimage\"},\"thumbnailUrl\":\"https:\\\/\\\/elhijodelllanero.mx\\\/wp-content\\\/uploads\\\/2025\\\/02\\\/IMG-20250207-WA0053-300x200.jpg\",\"articleSection\":[\"APASEO EL GRANDE\",\"MUNICIPIOS\"],\"inLanguage\":\"es\",\"potentialAction\":[{\"@type\":\"CommentAction\",\"name\":\"Comment\",\"target\":[\"https:\\\/\\\/elhijodelllanero.mx\\\/index.php\\\/2025\\\/02\\\/08\\\/coordinacion-pieza-clave-para-dar-resultados-chelis-oliveros\\\/#respond\"]}]},{\"@type\":\"WebPage\",\"@id\":\"https:\\\/\\\/elhijodelllanero.mx\\\/index.php\\\/2025\\\/02\\\/08\\\/coordinacion-pieza-clave-para-dar-resultados-chelis-oliveros\\\/\",\"url\":\"https:\\\/\\\/elhijodelllanero.mx\\\/index.php\\\/2025\\\/02\\\/08\\\/coordinacion-pieza-clave-para-dar-resultados-chelis-oliveros\\\/\",\"name\":\"COORDINACI\u00d3N, PIEZA CLAVE PARA DAR RESULTADOS:\u00a0CHELIS OLIVEROS - El Hijo del llanero solititito\",\"isPartOf\":{\"@id\":\"https:\\\/\\\/elhijodelllanero.mx\\\/#website\"},\"primaryImageOfPage\":{\"@id\":\"https:\\\/\\\/elhijodelllanero.mx\\\/index.php\\\/2025\\\/02\\\/08\\\/coordinacion-pieza-clave-para-dar-resultados-chelis-oliveros\\\/#primaryimage\"},\"image\":{\"@id\":\"https:\\\/\\\/elhijodelllanero.mx\\\/index.php\\\/2025\\\/02\\\/08\\\/coordinacion-pieza-clave-para-dar-resultados-chelis-oliveros\\\/#primaryimage\"},\"thumbnailUrl\":\"https:\\\/\\\/elhijodelllanero.mx\\\/wp-content\\\/uploads\\\/2025\\\/02\\\/IMG-20250207-WA0053-300x200.jpg\",\"datePublished\":\"2025-02-08T00:10:51+00:00\",\"author\":{\"@id\":\"https:\\\/\\\/elhijodelllanero.mx\\\/#\\\/schema\\\/person\\\/c7f8c86c55c1eab44ae2b93a9628245f\"},\"breadcrumb\":{\"@id\":\"https:\\\/\\\/elhijodelllanero.mx\\\/index.php\\\/2025\\\/02\\\/08\\\/coordinacion-pieza-clave-para-dar-resultados-chelis-oliveros\\\/#breadcrumb\"},\"inLanguage\":\"es\",\"potentialAction\":[{\"@type\":\"ReadAction\",\"target\":[\"https:\\\/\\\/elhijodelllanero.mx\\\/index.php\\\/2025\\\/02\\\/08\\\/coordinacion-pieza-clave-para-dar-resultados-chelis-oliveros\\\/\"]}]},{\"@type\":\"ImageObject\",\"inLanguage\":\"es\",\"@id\":\"https:\\\/\\\/elhijodelllanero.mx\\\/index.php\\\/2025\\\/02\\\/08\\\/coordinacion-pieza-clave-para-dar-resultados-chelis-oliveros\\\/#primaryimage\",\"url\":\"https:\\\/\\\/i0.wp.com\\\/elhijodelllanero.mx\\\/wp-content\\\/uploads\\\/2025\\\/02\\\/IMG-20250207-WA0053.jpg?fit=1280%2C855&ssl=1\",\"contentUrl\":\"https:\\\/\\\/i0.wp.com\\\/elhijodelllanero.mx\\\/wp-content\\\/uploads\\\/2025\\\/02\\\/IMG-20250207-WA0053.jpg?fit=1280%2C855&ssl=1\",\"width\":1280,\"height\":855},{\"@type\":\"BreadcrumbList\",\"@id\":\"https:\\\/\\\/elhijodelllanero.mx\\\/index.php\\\/2025\\\/02\\\/08\\\/coordinacion-pieza-clave-para-dar-resultados-chelis-oliveros\\\/#breadcrumb\",\"itemListElement\":[{\"@type\":\"ListItem\",\"position\":1,\"name\":\"Portada\",\"item\":\"https:\\\/\\\/elhijodelllanero.mx\\\/\"},{\"@type\":\"ListItem\",\"position\":2,\"name\":\"COORDINACI\u00d3N, PIEZA CLAVE PARA DAR RESULTADOS:\u00a0CHELIS OLIVEROS\"}]},{\"@type\":\"WebSite\",\"@id\":\"https:\\\/\\\/elhijodelllanero.mx\\\/#website\",\"url\":\"https:\\\/\\\/elhijodelllanero.mx\\\/\",\"name\":\"El Hijo del llanero solititito\",\"description\":\"\",\"potentialAction\":[{\"@type\":\"SearchAction\",\"target\":{\"@type\":\"EntryPoint\",\"urlTemplate\":\"https:\\\/\\\/elhijodelllanero.mx\\\/?s={search_term_string}\"},\"query-input\":{\"@type\":\"PropertyValueSpecification\",\"valueRequired\":true,\"valueName\":\"search_term_string\"}}],\"inLanguage\":\"es\"},{\"@type\":\"Person\",\"@id\":\"https:\\\/\\\/elhijodelllanero.mx\\\/#\\\/schema\\\/person\\\/c7f8c86c55c1eab44ae2b93a9628245f\",\"name\":\"Mar\u00eda de la Paz Rodarte Ram\u00edrez\",\"image\":{\"@type\":\"ImageObject\",\"inLanguage\":\"es\",\"@id\":\"https:\\\/\\\/secure.gravatar.com\\\/avatar\\\/1f38f8518b09a266af73da2bce78d69e7d1275299970134ed62f572e0487e1d0?s=96&d=mm&r=g\",\"url\":\"https:\\\/\\\/secure.gravatar.com\\\/avatar\\\/1f38f8518b09a266af73da2bce78d69e7d1275299970134ed62f572e0487e1d0?s=96&d=mm&r=g\",\"contentUrl\":\"https:\\\/\\\/secure.gravatar.com\\\/avatar\\\/1f38f8518b09a266af73da2bce78d69e7d1275299970134ed62f572e0487e1d0?s=96&d=mm&r=g\",\"caption\":\"Mar\u00eda de la Paz Rodarte Ram\u00edrez\"},\"sameAs\":[\"https:\\\/\\\/www.elhijodelllanero.mx\"],\"url\":\"https:\\\/\\\/elhijodelllanero.mx\\\/index.php\\\/author\\\/maricuas\\\/\"}]}<\/script>\n<!-- \/ Yoast SEO plugin. -->","yoast_head_json":{"title":"COORDINACI\u00d3N, PIEZA CLAVE PARA DAR RESULTADOS:\u00a0CHELIS OLIVEROS - El Hijo del llanero solititito","robots":{"index":"index","follow":"follow","max-snippet":"max-snippet:-1","max-image-preview":"max-image-preview:large","max-video-preview":"max-video-preview:-1"},"canonical":"https:\/\/elhijodelllanero.mx\/index.php\/2025\/02\/08\/coordinacion-pieza-clave-para-dar-resultados-chelis-oliveros\/","og_locale":"es_ES","og_type":"article","og_title":"COORDINACI\u00d3N, PIEZA CLAVE PARA DAR RESULTADOS:\u00a0CHELIS OLIVEROS - El Hijo del llanero solititito","og_description":"Le\u00f3n, Gto.-7 de febrero del 2025. &#8211; \u201cEstoy seguro de que la coordinaci\u00f3n eficaz de los tres niveles de gobierno es la pieza clave y fundamental para dar resultados\u201d, asegur\u00f3 el Presidente Municipal, Jos\u00e9 Luis Oliveros, en la Firma de Convenio de Colaboraci\u00f3n para el Programa Nacional de Vivienda para el Bienestar en el Estado [&hellip;]","og_url":"https:\/\/elhijodelllanero.mx\/index.php\/2025\/02\/08\/coordinacion-pieza-clave-para-dar-resultados-chelis-oliveros\/","og_site_name":"El Hijo del llanero solititito","article_published_time":"2025-02-08T00:10:51+00:00","og_image":[{"url":"https:\/\/elhijodelllanero.mx\/wp-content\/uploads\/2025\/02\/IMG-20250207-WA0053-300x200.jpg","type":"","width":"","height":""}],"author":"Mar\u00eda de la Paz Rodarte Ram\u00edrez","twitter_card":"summary_large_image","twitter_misc":{"Escrito por":"Mar\u00eda de la Paz Rodarte Ram\u00edrez","Tiempo de lectura":"2 minutos"},"schema":{"@context":"https:\/\/schema.org","@graph":[{"@type":"Article","@id":"https:\/\/elhijodelllanero.mx\/index.php\/2025\/02\/08\/coordinacion-pieza-clave-para-dar-resultados-chelis-oliveros\/#article","isPartOf":{"@id":"https:\/\/elhijodelllanero.mx\/index.php\/2025\/02\/08\/coordinacion-pieza-clave-para-dar-resultados-chelis-oliveros\/"},"author":{"name":"Mar\u00eda de la Paz Rodarte Ram\u00edrez","@id":"https:\/\/elhijodelllanero.mx\/#\/schema\/person\/c7f8c86c55c1eab44ae2b93a9628245f"},"headline":"COORDINACI\u00d3N, PIEZA CLAVE PARA DAR RESULTADOS:\u00a0CHELIS OLIVEROS","datePublished":"2025-02-08T00:10:51+00:00","mainEntityOfPage":{"@id":"https:\/\/elhijodelllanero.mx\/index.php\/2025\/02\/08\/coordinacion-pieza-clave-para-dar-resultados-chelis-oliveros\/"},"wordCount":346,"commentCount":0,"image":{"@id":"https:\/\/elhijodelllanero.mx\/index.php\/2025\/02\/08\/coordinacion-pieza-clave-para-dar-resultados-chelis-oliveros\/#primaryimage"},"thumbnailUrl":"https:\/\/elhijodelllanero.mx\/wp-content\/uploads\/2025\/02\/IMG-20250207-WA0053-300x200.jpg","articleSection":["APASEO EL GRANDE","MUNICIPIOS"],"inLanguage":"es","potentialAction":[{"@type":"CommentAction","name":"Comment","target":["https:\/\/elhijodelllanero.mx\/index.php\/2025\/02\/08\/coordinacion-pieza-clave-para-dar-resultados-chelis-oliveros\/#respond"]}]},{"@type":"WebPage","@id":"https:\/\/elhijodelllanero.mx\/index.php\/2025\/02\/08\/coordinacion-pieza-clave-para-dar-resultados-chelis-oliveros\/","url":"https:\/\/elhijodelllanero.mx\/index.php\/2025\/02\/08\/coordinacion-pieza-clave-para-dar-resultados-chelis-oliveros\/","name":"COORDINACI\u00d3N, PIEZA CLAVE PARA DAR RESULTADOS:\u00a0CHELIS OLIVEROS - El Hijo del llanero solititito","isPartOf":{"@id":"https:\/\/elhijodelllanero.mx\/#website"},"primaryImageOfPage":{"@id":"https:\/\/elhijodelllanero.mx\/index.php\/2025\/02\/08\/coordinacion-pieza-clave-para-dar-resultados-chelis-oliveros\/#primaryimage"},"image":{"@id":"https:\/\/elhijodelllanero.mx\/index.php\/2025\/02\/08\/coordinacion-pieza-clave-para-dar-resultados-chelis-oliveros\/#primaryimage"},"thumbnailUrl":"https:\/\/elhijodelllanero.mx\/wp-content\/uploads\/2025\/02\/IMG-20250207-WA0053-300x200.jpg","datePublished":"2025-02-08T00:10:51+00:00","author":{"@id":"https:\/\/elhijodelllanero.mx\/#\/schema\/person\/c7f8c86c55c1eab44ae2b93a9628245f"},"breadcrumb":{"@id":"https:\/\/elhijodelllanero.mx\/index.php\/2025\/02\/08\/coordinacion-pieza-clave-para-dar-resultados-chelis-oliveros\/#breadcrumb"},"inLanguage":"es","potentialAction":[{"@type":"ReadAction","target":["https:\/\/elhijodelllanero.mx\/index.php\/2025\/02\/08\/coordinacion-pieza-clave-para-dar-resultados-chelis-oliveros\/"]}]},{"@type":"ImageObject","inLanguage":"es","@id":"https:\/\/elhijodelllanero.mx\/index.php\/2025\/02\/08\/coordinacion-pieza-clave-para-dar-resultados-chelis-oliveros\/#primaryimage","url":"https:\/\/i0.wp.com\/elhijodelllanero.mx\/wp-content\/uploads\/2025\/02\/IMG-20250207-WA0053.jpg?fit=1280%2C855&ssl=1","contentUrl":"https:\/\/i0.wp.com\/elhijodelllanero.mx\/wp-content\/uploads\/2025\/02\/IMG-20250207-WA0053.jpg?fit=1280%2C855&ssl=1","width":1280,"height":855},{"@type":"BreadcrumbList","@id":"https:\/\/elhijodelllanero.mx\/index.php\/2025\/02\/08\/coordinacion-pieza-clave-para-dar-resultados-chelis-oliveros\/#breadcrumb","itemListElement":[{"@type":"ListItem","position":1,"name":"Portada","item":"https:\/\/elhijodelllanero.mx\/"},{"@type":"ListItem","position":2,"name":"COORDINACI\u00d3N, PIEZA CLAVE PARA DAR RESULTADOS:\u00a0CHELIS OLIVEROS"}]},{"@type":"WebSite","@id":"https:\/\/elhijodelllanero.mx\/#website","url":"https:\/\/elhijodelllanero.mx\/","name":"El Hijo del llanero solititito","description":"","potentialAction":[{"@type":"SearchAction","target":{"@type":"EntryPoint","urlTemplate":"https:\/\/elhijodelllanero.mx\/?s={search_term_string}"},"query-input":{"@type":"PropertyValueSpecification","valueRequired":true,"valueName":"search_term_string"}}],"inLanguage":"es"},{"@type":"Person","@id":"https:\/\/elhijodelllanero.mx\/#\/schema\/person\/c7f8c86c55c1eab44ae2b93a9628245f","name":"Mar\u00eda de la Paz Rodarte Ram\u00edrez","image":{"@type":"ImageObject","inLanguage":"es","@id":"https:\/\/secure.gravatar.com\/avatar\/1f38f8518b09a266af73da2bce78d69e7d1275299970134ed62f572e0487e1d0?s=96&d=mm&r=g","url":"https:\/\/secure.gravatar.com\/avatar\/1f38f8518b09a266af73da2bce78d69e7d1275299970134ed62f572e0487e1d0?s=96&d=mm&r=g","contentUrl":"https:\/\/secure.gravatar.com\/avatar\/1f38f8518b09a266af73da2bce78d69e7d1275299970134ed62f572e0487e1d0?s=96&d=mm&r=g","caption":"Mar\u00eda de la Paz Rodarte Ram\u00edrez"},"sameAs":["https:\/\/www.elhijodelllanero.mx"],"url":"https:\/\/elhijodelllanero.mx\/index.php\/author\/maricuas\/"}]}},"jetpack_featured_media_url":"","jetpack-related-posts":[],"jetpack_sharing_enabled":true,"_links":{"self":[{"href":"https:\/\/elhijodelllanero.mx\/index.php\/wp-json\/wp\/v2\/posts\/9317","targetHints":{"allow":["GET"]}}],"collection":[{"href":"https:\/\/elhijodelllanero.mx\/index.php\/wp-json\/wp\/v2\/posts"}],"about":[{"href":"https:\/\/elhijodelllanero.mx\/index.php\/wp-json\/wp\/v2\/types\/post"}],"author":[{"embeddable":true,"href":"https:\/\/elhijodelllanero.mx\/index.php\/wp-json\/wp\/v2\/users\/3"}],"replies":[{"embeddable":true,"href":"https:\/\/elhijodelllanero.mx\/index.php\/wp-json\/wp\/v2\/comments?post=9317"}],"version-history":[{"count":1,"href":"https:\/\/elhijodelllanero.mx\/index.php\/wp-json\/wp\/v2\/posts\/9317\/revisions"}],"predecessor-version":[{"id":9319,"href":"https:\/\/elhijodelllanero.mx\/index.php\/wp-json\/wp\/v2\/posts\/9317\/revisions\/9319"}],"wp:attachment":[{"href":"https:\/\/elhijodelllanero.mx\/index.php\/wp-json\/wp\/v2\/media?parent=9317"}],"wp:term":[{"taxonomy":"category","embeddable":true,"href":"https:\/\/elhijodelllanero.mx\/index.php\/wp-json\/wp\/v2\/categories?post=9317"},{"taxonomy":"post_tag","embeddable":true,"href":"https:\/\/elhijodelllanero.mx\/index.php\/wp-json\/wp\/v2\/tags?post=9317"}],"curies":[{"name":"wp","href":"https:\/\/api.w.org\/{rel}","templated":true}]}}