{"id":9320,"date":"2025-02-08T00:29:17","date_gmt":"2025-02-08T00:29:17","guid":{"rendered":"https:\/\/elhijodelllanero.mx\/?p=9320"},"modified":"2025-02-08T00:29:17","modified_gmt":"2025-02-08T00:29:17","slug":"instalan-secretariado-tecnico-municipal-de-gobierno-abierto-de-celaya","status":"publish","type":"post","link":"https:\/\/elhijodelllanero.mx\/index.php\/2025\/02\/08\/instalan-secretariado-tecnico-municipal-de-gobierno-abierto-de-celaya\/","title":{"rendered":"INSTALAN SECRETARIADO T\u00c9CNICO MUNICIPAL DE GOBIERNO ABIERTO DE CELAYA"},"content":{"rendered":"<p><img data-recalc-dims=\"1\" loading=\"lazy\" decoding=\"async\" class=\"alignnone size-medium wp-image-9322\" src=\"https:\/\/i0.wp.com\/elhijodelllanero.mx\/wp-content\/uploads\/2025\/02\/Collage_20250207_175340-1.jpg?resize=300%2C300&#038;ssl=1\" alt=\"\" width=\"300\" height=\"300\" srcset=\"https:\/\/i0.wp.com\/elhijodelllanero.mx\/wp-content\/uploads\/2025\/02\/Collage_20250207_175340-1.jpg?resize=300%2C300&amp;ssl=1 300w, https:\/\/i0.wp.com\/elhijodelllanero.mx\/wp-content\/uploads\/2025\/02\/Collage_20250207_175340-1.jpg?resize=1024%2C1024&amp;ssl=1 1024w, https:\/\/i0.wp.com\/elhijodelllanero.mx\/wp-content\/uploads\/2025\/02\/Collage_20250207_175340-1.jpg?resize=150%2C150&amp;ssl=1 150w, https:\/\/i0.wp.com\/elhijodelllanero.mx\/wp-content\/uploads\/2025\/02\/Collage_20250207_175340-1.jpg?resize=768%2C768&amp;ssl=1 768w, https:\/\/i0.wp.com\/elhijodelllanero.mx\/wp-content\/uploads\/2025\/02\/Collage_20250207_175340-1.jpg?resize=1536%2C1536&amp;ssl=1 1536w, https:\/\/i0.wp.com\/elhijodelllanero.mx\/wp-content\/uploads\/2025\/02\/Collage_20250207_175340-1.jpg?resize=2048%2C2048&amp;ssl=1 2048w, https:\/\/i0.wp.com\/elhijodelllanero.mx\/wp-content\/uploads\/2025\/02\/Collage_20250207_175340-1.jpg?resize=420%2C420&amp;ssl=1 420w, https:\/\/i0.wp.com\/elhijodelllanero.mx\/wp-content\/uploads\/2025\/02\/Collage_20250207_175340-1.jpg?resize=696%2C696&amp;ssl=1 696w, https:\/\/i0.wp.com\/elhijodelllanero.mx\/wp-content\/uploads\/2025\/02\/Collage_20250207_175340-1.jpg?resize=1068%2C1068&amp;ssl=1 1068w, https:\/\/i0.wp.com\/elhijodelllanero.mx\/wp-content\/uploads\/2025\/02\/Collage_20250207_175340-1.jpg?resize=1920%2C1920&amp;ssl=1 1920w, https:\/\/i0.wp.com\/elhijodelllanero.mx\/wp-content\/uploads\/2025\/02\/Collage_20250207_175340-1.jpg?w=1392&amp;ssl=1 1392w\" sizes=\"auto, (max-width: 300px) 100vw, 300px\" \/><\/p>\n<p>Celaya, Gto. 7 de febrero del 2025. &#8211; Con el prop\u00f3sito de generar una alianza de compromiso entre sociedad y gobierno para promover la transparencia, aumentar la participaci\u00f3n de la ciudadan\u00eda en los asuntos p\u00fablicos, combatir la corrupci\u00f3n y aprovechar las nuevas tecnolog\u00edas para expandir la gobernanza, se conform\u00f3 e instal\u00f3 el Secretariado T\u00e9cnico Municipal de Gobierno Abierto de Celaya, integrando por servidores p\u00fablicos y representantes de la sociedad.<\/p>\n<p>Fue el secretario particular del presidente municipal Juan Miguel Ram\u00edrez, Jes\u00fas Paz G\u00f3mez, quien tom\u00f3 la protesta a los miembros de este \u00f3rgano de participaci\u00f3n ciudadana, a quienes reconoci\u00f3 y agradeci\u00f3 su compromiso social y su disposici\u00f3n.<\/p>\n<p>\u201cEl gobierno que encabeza el presidente Juan Miguel Ram\u00edrez S\u00e1nchez da una muestra m\u00e1s de transparencia aqu\u00ed, en Celaya. Este \u00f3rgano es integrado no solo por funcionarios y algunas dependencias, sino por ciudadanos que estar\u00e1n al tanto de que se cumpla con la transparencia y el presidente municipal ha manifestado que no solo va a quedar escrito y firmado, sino con la participaci\u00f3n de los ciudadanos y los funcionarios que son parte de este organismo se har\u00e1 de manera transparente y al alcance de todos y cada uno de los ciudadanos\u201d, expres\u00f3 el secretario particular, en su mensaje.<\/p>\n<p>La directora de la Unidad de Transparencia, Miriam Silva, inform\u00f3 como contexto hist\u00f3rico que la Alianza para Gobierno Abierto fue formalmente lanzada en septiembre de 2011; en Guanajuato la segunda declaratoria de Gobierno Abierto fue en 2022 y en julio del 2023 Celaya instal\u00f3 su primer secretariado.<\/p>\n<p>Detall\u00f3 que a trav\u00e9s de este \u00f3rgano auxiliar y de consulta, adem\u00e1s de promover la transparencia, la ciudadan\u00eda podr\u00e1 proponer acciones que considere importantes para ser atendidas por el gobierno municipal y ser\u00e1n presentadas a las direcciones municipales.<\/p>\n<p>Adelant\u00f3 que en marzo se har\u00e1 una consulta sobre las primeras propuestas que la ciudadan\u00eda tiene para presentarlas al gobierno y se realizar\u00e1 otra convocatoria al Secretariado T\u00e9cnico Municipal de Gobierno Abierto de Celaya para sesionar, conocer y evaluar las propuestas.<\/p>\n<p>En la toma de protesta participaron la regidora Ana Laura Ben\u00edtez Rivera, en representaci\u00f3n del Ayuntamiento, Jos\u00e9 Cristian Urrutia, jefe de gobierno abierto y vinculaci\u00f3n del IACIP, directoras y directores de las dependencias municipales, as\u00ed como los ciudadanos que forman parte del Secretariado T\u00e9cnico Municipal de Gobierno Abierto de Celaya.<\/p>\n","protected":false},"excerpt":{"rendered":"<p>Celaya, Gto. 7 de febrero del 2025. &#8211; Con el prop\u00f3sito de generar una alianza de compromiso entre sociedad y gobierno para promover la transparencia, aumentar la participaci\u00f3n de la ciudadan\u00eda en los asuntos p\u00fablicos, combatir la corrupci\u00f3n y aprovechar las nuevas tecnolog\u00edas para expandir la gobernanza, se conform\u00f3 e instal\u00f3 el Secretariado T\u00e9cnico Municipal [&hellip;]<\/p>\n","protected":false},"author":3,"featured_media":0,"comment_status":"open","ping_status":"closed","sticky":false,"template":"","format":"standard","meta":{"_jetpack_newsletter_access":"","_jetpack_dont_email_post_to_subs":false,"_jetpack_newsletter_tier_id":0,"_jetpack_memberships_contains_paywalled_content":false,"_jetpack_memberships_contains_paid_content":false,"footnotes":""},"categories":[74],"tags":[],"class_list":{"0":"post-9320","1":"post","2":"type-post","3":"status-publish","4":"format-standard","6":"category-celaya"},"yoast_head":"<!-- This site is optimized with the Yoast SEO plugin v27.3 - https:\/\/yoast.com\/product\/yoast-seo-wordpress\/ -->\n<title>INSTALAN SECRETARIADO T\u00c9CNICO MUNICIPAL DE GOBIERNO ABIERTO DE CELAYA - El Hijo del llanero solititito<\/title>\n<meta name=\"robots\" content=\"index, follow, max-snippet:-1, max-image-preview:large, max-video-preview:-1\" \/>\n<link rel=\"canonical\" href=\"https:\/\/elhijodelllanero.mx\/index.php\/2025\/02\/08\/instalan-secretariado-tecnico-municipal-de-gobierno-abierto-de-celaya\/\" \/>\n<meta property=\"og:locale\" content=\"es_ES\" \/>\n<meta property=\"og:type\" content=\"article\" \/>\n<meta property=\"og:title\" content=\"INSTALAN SECRETARIADO T\u00c9CNICO MUNICIPAL DE GOBIERNO ABIERTO DE CELAYA - El Hijo del llanero solititito\" \/>\n<meta property=\"og:description\" content=\"Celaya, Gto. 7 de febrero del 2025. &#8211; Con el prop\u00f3sito de generar una alianza de compromiso entre sociedad y gobierno para promover la transparencia, aumentar la participaci\u00f3n de la ciudadan\u00eda en los asuntos p\u00fablicos, combatir la corrupci\u00f3n y aprovechar las nuevas tecnolog\u00edas para expandir la gobernanza, se conform\u00f3 e instal\u00f3 el Secretariado T\u00e9cnico Municipal [&hellip;]\" \/>\n<meta property=\"og:url\" content=\"https:\/\/elhijodelllanero.mx\/index.php\/2025\/02\/08\/instalan-secretariado-tecnico-municipal-de-gobierno-abierto-de-celaya\/\" \/>\n<meta property=\"og:site_name\" content=\"El Hijo del llanero solititito\" \/>\n<meta property=\"article:published_time\" content=\"2025-02-08T00:29:17+00:00\" \/>\n<meta property=\"og:image\" content=\"https:\/\/elhijodelllanero.mx\/wp-content\/uploads\/2025\/02\/Collage_20250207_175340-1-300x300.jpg\" \/>\n<meta name=\"author\" content=\"Mar\u00eda de la Paz Rodarte Ram\u00edrez\" \/>\n<meta name=\"twitter:card\" content=\"summary_large_image\" \/>\n<meta name=\"twitter:label1\" content=\"Escrito por\" \/>\n\t<meta name=\"twitter:data1\" content=\"Mar\u00eda de la Paz Rodarte Ram\u00edrez\" \/>\n\t<meta name=\"twitter:label2\" content=\"Tiempo de lectura\" \/>\n\t<meta name=\"twitter:data2\" content=\"2 minutos\" \/>\n<script type=\"application\/ld+json\" class=\"yoast-schema-graph\">{\"@context\":\"https:\\\/\\\/schema.org\",\"@graph\":[{\"@type\":\"Article\",\"@id\":\"https:\\\/\\\/elhijodelllanero.mx\\\/index.php\\\/2025\\\/02\\\/08\\\/instalan-secretariado-tecnico-municipal-de-gobierno-abierto-de-celaya\\\/#article\",\"isPartOf\":{\"@id\":\"https:\\\/\\\/elhijodelllanero.mx\\\/index.php\\\/2025\\\/02\\\/08\\\/instalan-secretariado-tecnico-municipal-de-gobierno-abierto-de-celaya\\\/\"},\"author\":{\"name\":\"Mar\u00eda de la Paz Rodarte Ram\u00edrez\",\"@id\":\"https:\\\/\\\/elhijodelllanero.mx\\\/#\\\/schema\\\/person\\\/c7f8c86c55c1eab44ae2b93a9628245f\"},\"headline\":\"INSTALAN SECRETARIADO T\u00c9CNICO MUNICIPAL DE GOBIERNO ABIERTO DE CELAYA\",\"datePublished\":\"2025-02-08T00:29:17+00:00\",\"mainEntityOfPage\":{\"@id\":\"https:\\\/\\\/elhijodelllanero.mx\\\/index.php\\\/2025\\\/02\\\/08\\\/instalan-secretariado-tecnico-municipal-de-gobierno-abierto-de-celaya\\\/\"},\"wordCount\":414,\"commentCount\":0,\"image\":{\"@id\":\"https:\\\/\\\/elhijodelllanero.mx\\\/index.php\\\/2025\\\/02\\\/08\\\/instalan-secretariado-tecnico-municipal-de-gobierno-abierto-de-celaya\\\/#primaryimage\"},\"thumbnailUrl\":\"https:\\\/\\\/elhijodelllanero.mx\\\/wp-content\\\/uploads\\\/2025\\\/02\\\/Collage_20250207_175340-1-300x300.jpg\",\"articleSection\":[\"CELAYA\"],\"inLanguage\":\"es\",\"potentialAction\":[{\"@type\":\"CommentAction\",\"name\":\"Comment\",\"target\":[\"https:\\\/\\\/elhijodelllanero.mx\\\/index.php\\\/2025\\\/02\\\/08\\\/instalan-secretariado-tecnico-municipal-de-gobierno-abierto-de-celaya\\\/#respond\"]}]},{\"@type\":\"WebPage\",\"@id\":\"https:\\\/\\\/elhijodelllanero.mx\\\/index.php\\\/2025\\\/02\\\/08\\\/instalan-secretariado-tecnico-municipal-de-gobierno-abierto-de-celaya\\\/\",\"url\":\"https:\\\/\\\/elhijodelllanero.mx\\\/index.php\\\/2025\\\/02\\\/08\\\/instalan-secretariado-tecnico-municipal-de-gobierno-abierto-de-celaya\\\/\",\"name\":\"INSTALAN SECRETARIADO T\u00c9CNICO MUNICIPAL DE GOBIERNO ABIERTO DE CELAYA - El Hijo del llanero solititito\",\"isPartOf\":{\"@id\":\"https:\\\/\\\/elhijodelllanero.mx\\\/#website\"},\"primaryImageOfPage\":{\"@id\":\"https:\\\/\\\/elhijodelllanero.mx\\\/index.php\\\/2025\\\/02\\\/08\\\/instalan-secretariado-tecnico-municipal-de-gobierno-abierto-de-celaya\\\/#primaryimage\"},\"image\":{\"@id\":\"https:\\\/\\\/elhijodelllanero.mx\\\/index.php\\\/2025\\\/02\\\/08\\\/instalan-secretariado-tecnico-municipal-de-gobierno-abierto-de-celaya\\\/#primaryimage\"},\"thumbnailUrl\":\"https:\\\/\\\/elhijodelllanero.mx\\\/wp-content\\\/uploads\\\/2025\\\/02\\\/Collage_20250207_175340-1-300x300.jpg\",\"datePublished\":\"2025-02-08T00:29:17+00:00\",\"author\":{\"@id\":\"https:\\\/\\\/elhijodelllanero.mx\\\/#\\\/schema\\\/person\\\/c7f8c86c55c1eab44ae2b93a9628245f\"},\"breadcrumb\":{\"@id\":\"https:\\\/\\\/elhijodelllanero.mx\\\/index.php\\\/2025\\\/02\\\/08\\\/instalan-secretariado-tecnico-municipal-de-gobierno-abierto-de-celaya\\\/#breadcrumb\"},\"inLanguage\":\"es\",\"potentialAction\":[{\"@type\":\"ReadAction\",\"target\":[\"https:\\\/\\\/elhijodelllanero.mx\\\/index.php\\\/2025\\\/02\\\/08\\\/instalan-secretariado-tecnico-municipal-de-gobierno-abierto-de-celaya\\\/\"]}]},{\"@type\":\"ImageObject\",\"inLanguage\":\"es\",\"@id\":\"https:\\\/\\\/elhijodelllanero.mx\\\/index.php\\\/2025\\\/02\\\/08\\\/instalan-secretariado-tecnico-municipal-de-gobierno-abierto-de-celaya\\\/#primaryimage\",\"url\":\"https:\\\/\\\/i0.wp.com\\\/elhijodelllanero.mx\\\/wp-content\\\/uploads\\\/2025\\\/02\\\/Collage_20250207_175340-1.jpg?fit=2160%2C2160&ssl=1\",\"contentUrl\":\"https:\\\/\\\/i0.wp.com\\\/elhijodelllanero.mx\\\/wp-content\\\/uploads\\\/2025\\\/02\\\/Collage_20250207_175340-1.jpg?fit=2160%2C2160&ssl=1\",\"width\":2160,\"height\":2160},{\"@type\":\"BreadcrumbList\",\"@id\":\"https:\\\/\\\/elhijodelllanero.mx\\\/index.php\\\/2025\\\/02\\\/08\\\/instalan-secretariado-tecnico-municipal-de-gobierno-abierto-de-celaya\\\/#breadcrumb\",\"itemListElement\":[{\"@type\":\"ListItem\",\"position\":1,\"name\":\"Portada\",\"item\":\"https:\\\/\\\/elhijodelllanero.mx\\\/\"},{\"@type\":\"ListItem\",\"position\":2,\"name\":\"INSTALAN SECRETARIADO T\u00c9CNICO MUNICIPAL DE GOBIERNO ABIERTO DE CELAYA\"}]},{\"@type\":\"WebSite\",\"@id\":\"https:\\\/\\\/elhijodelllanero.mx\\\/#website\",\"url\":\"https:\\\/\\\/elhijodelllanero.mx\\\/\",\"name\":\"El Hijo del llanero solititito\",\"description\":\"\",\"potentialAction\":[{\"@type\":\"SearchAction\",\"target\":{\"@type\":\"EntryPoint\",\"urlTemplate\":\"https:\\\/\\\/elhijodelllanero.mx\\\/?s={search_term_string}\"},\"query-input\":{\"@type\":\"PropertyValueSpecification\",\"valueRequired\":true,\"valueName\":\"search_term_string\"}}],\"inLanguage\":\"es\"},{\"@type\":\"Person\",\"@id\":\"https:\\\/\\\/elhijodelllanero.mx\\\/#\\\/schema\\\/person\\\/c7f8c86c55c1eab44ae2b93a9628245f\",\"name\":\"Mar\u00eda de la Paz Rodarte Ram\u00edrez\",\"image\":{\"@type\":\"ImageObject\",\"inLanguage\":\"es\",\"@id\":\"https:\\\/\\\/secure.gravatar.com\\\/avatar\\\/1f38f8518b09a266af73da2bce78d69e7d1275299970134ed62f572e0487e1d0?s=96&d=mm&r=g\",\"url\":\"https:\\\/\\\/secure.gravatar.com\\\/avatar\\\/1f38f8518b09a266af73da2bce78d69e7d1275299970134ed62f572e0487e1d0?s=96&d=mm&r=g\",\"contentUrl\":\"https:\\\/\\\/secure.gravatar.com\\\/avatar\\\/1f38f8518b09a266af73da2bce78d69e7d1275299970134ed62f572e0487e1d0?s=96&d=mm&r=g\",\"caption\":\"Mar\u00eda de la Paz Rodarte Ram\u00edrez\"},\"sameAs\":[\"https:\\\/\\\/www.elhijodelllanero.mx\"],\"url\":\"https:\\\/\\\/elhijodelllanero.mx\\\/index.php\\\/author\\\/maricuas\\\/\"}]}<\/script>\n<!-- \/ Yoast SEO plugin. -->","yoast_head_json":{"title":"INSTALAN SECRETARIADO T\u00c9CNICO MUNICIPAL DE GOBIERNO ABIERTO DE CELAYA - El Hijo del llanero solititito","robots":{"index":"index","follow":"follow","max-snippet":"max-snippet:-1","max-image-preview":"max-image-preview:large","max-video-preview":"max-video-preview:-1"},"canonical":"https:\/\/elhijodelllanero.mx\/index.php\/2025\/02\/08\/instalan-secretariado-tecnico-municipal-de-gobierno-abierto-de-celaya\/","og_locale":"es_ES","og_type":"article","og_title":"INSTALAN SECRETARIADO T\u00c9CNICO MUNICIPAL DE GOBIERNO ABIERTO DE CELAYA - El Hijo del llanero solititito","og_description":"Celaya, Gto. 7 de febrero del 2025. &#8211; Con el prop\u00f3sito de generar una alianza de compromiso entre sociedad y gobierno para promover la transparencia, aumentar la participaci\u00f3n de la ciudadan\u00eda en los asuntos p\u00fablicos, combatir la corrupci\u00f3n y aprovechar las nuevas tecnolog\u00edas para expandir la gobernanza, se conform\u00f3 e instal\u00f3 el Secretariado T\u00e9cnico Municipal [&hellip;]","og_url":"https:\/\/elhijodelllanero.mx\/index.php\/2025\/02\/08\/instalan-secretariado-tecnico-municipal-de-gobierno-abierto-de-celaya\/","og_site_name":"El Hijo del llanero solititito","article_published_time":"2025-02-08T00:29:17+00:00","og_image":[{"url":"https:\/\/elhijodelllanero.mx\/wp-content\/uploads\/2025\/02\/Collage_20250207_175340-1-300x300.jpg","type":"","width":"","height":""}],"author":"Mar\u00eda de la Paz Rodarte Ram\u00edrez","twitter_card":"summary_large_image","twitter_misc":{"Escrito por":"Mar\u00eda de la Paz Rodarte Ram\u00edrez","Tiempo de lectura":"2 minutos"},"schema":{"@context":"https:\/\/schema.org","@graph":[{"@type":"Article","@id":"https:\/\/elhijodelllanero.mx\/index.php\/2025\/02\/08\/instalan-secretariado-tecnico-municipal-de-gobierno-abierto-de-celaya\/#article","isPartOf":{"@id":"https:\/\/elhijodelllanero.mx\/index.php\/2025\/02\/08\/instalan-secretariado-tecnico-municipal-de-gobierno-abierto-de-celaya\/"},"author":{"name":"Mar\u00eda de la Paz Rodarte Ram\u00edrez","@id":"https:\/\/elhijodelllanero.mx\/#\/schema\/person\/c7f8c86c55c1eab44ae2b93a9628245f"},"headline":"INSTALAN SECRETARIADO T\u00c9CNICO MUNICIPAL DE GOBIERNO ABIERTO DE CELAYA","datePublished":"2025-02-08T00:29:17+00:00","mainEntityOfPage":{"@id":"https:\/\/elhijodelllanero.mx\/index.php\/2025\/02\/08\/instalan-secretariado-tecnico-municipal-de-gobierno-abierto-de-celaya\/"},"wordCount":414,"commentCount":0,"image":{"@id":"https:\/\/elhijodelllanero.mx\/index.php\/2025\/02\/08\/instalan-secretariado-tecnico-municipal-de-gobierno-abierto-de-celaya\/#primaryimage"},"thumbnailUrl":"https:\/\/elhijodelllanero.mx\/wp-content\/uploads\/2025\/02\/Collage_20250207_175340-1-300x300.jpg","articleSection":["CELAYA"],"inLanguage":"es","potentialAction":[{"@type":"CommentAction","name":"Comment","target":["https:\/\/elhijodelllanero.mx\/index.php\/2025\/02\/08\/instalan-secretariado-tecnico-municipal-de-gobierno-abierto-de-celaya\/#respond"]}]},{"@type":"WebPage","@id":"https:\/\/elhijodelllanero.mx\/index.php\/2025\/02\/08\/instalan-secretariado-tecnico-municipal-de-gobierno-abierto-de-celaya\/","url":"https:\/\/elhijodelllanero.mx\/index.php\/2025\/02\/08\/instalan-secretariado-tecnico-municipal-de-gobierno-abierto-de-celaya\/","name":"INSTALAN SECRETARIADO T\u00c9CNICO MUNICIPAL DE GOBIERNO ABIERTO DE CELAYA - El Hijo del llanero solititito","isPartOf":{"@id":"https:\/\/elhijodelllanero.mx\/#website"},"primaryImageOfPage":{"@id":"https:\/\/elhijodelllanero.mx\/index.php\/2025\/02\/08\/instalan-secretariado-tecnico-municipal-de-gobierno-abierto-de-celaya\/#primaryimage"},"image":{"@id":"https:\/\/elhijodelllanero.mx\/index.php\/2025\/02\/08\/instalan-secretariado-tecnico-municipal-de-gobierno-abierto-de-celaya\/#primaryimage"},"thumbnailUrl":"https:\/\/elhijodelllanero.mx\/wp-content\/uploads\/2025\/02\/Collage_20250207_175340-1-300x300.jpg","datePublished":"2025-02-08T00:29:17+00:00","author":{"@id":"https:\/\/elhijodelllanero.mx\/#\/schema\/person\/c7f8c86c55c1eab44ae2b93a9628245f"},"breadcrumb":{"@id":"https:\/\/elhijodelllanero.mx\/index.php\/2025\/02\/08\/instalan-secretariado-tecnico-municipal-de-gobierno-abierto-de-celaya\/#breadcrumb"},"inLanguage":"es","potentialAction":[{"@type":"ReadAction","target":["https:\/\/elhijodelllanero.mx\/index.php\/2025\/02\/08\/instalan-secretariado-tecnico-municipal-de-gobierno-abierto-de-celaya\/"]}]},{"@type":"ImageObject","inLanguage":"es","@id":"https:\/\/elhijodelllanero.mx\/index.php\/2025\/02\/08\/instalan-secretariado-tecnico-municipal-de-gobierno-abierto-de-celaya\/#primaryimage","url":"https:\/\/i0.wp.com\/elhijodelllanero.mx\/wp-content\/uploads\/2025\/02\/Collage_20250207_175340-1.jpg?fit=2160%2C2160&ssl=1","contentUrl":"https:\/\/i0.wp.com\/elhijodelllanero.mx\/wp-content\/uploads\/2025\/02\/Collage_20250207_175340-1.jpg?fit=2160%2C2160&ssl=1","width":2160,"height":2160},{"@type":"BreadcrumbList","@id":"https:\/\/elhijodelllanero.mx\/index.php\/2025\/02\/08\/instalan-secretariado-tecnico-municipal-de-gobierno-abierto-de-celaya\/#breadcrumb","itemListElement":[{"@type":"ListItem","position":1,"name":"Portada","item":"https:\/\/elhijodelllanero.mx\/"},{"@type":"ListItem","position":2,"name":"INSTALAN SECRETARIADO T\u00c9CNICO MUNICIPAL DE GOBIERNO ABIERTO DE CELAYA"}]},{"@type":"WebSite","@id":"https:\/\/elhijodelllanero.mx\/#website","url":"https:\/\/elhijodelllanero.mx\/","name":"El Hijo del llanero solititito","description":"","potentialAction":[{"@type":"SearchAction","target":{"@type":"EntryPoint","urlTemplate":"https:\/\/elhijodelllanero.mx\/?s={search_term_string}"},"query-input":{"@type":"PropertyValueSpecification","valueRequired":true,"valueName":"search_term_string"}}],"inLanguage":"es"},{"@type":"Person","@id":"https:\/\/elhijodelllanero.mx\/#\/schema\/person\/c7f8c86c55c1eab44ae2b93a9628245f","name":"Mar\u00eda de la Paz Rodarte Ram\u00edrez","image":{"@type":"ImageObject","inLanguage":"es","@id":"https:\/\/secure.gravatar.com\/avatar\/1f38f8518b09a266af73da2bce78d69e7d1275299970134ed62f572e0487e1d0?s=96&d=mm&r=g","url":"https:\/\/secure.gravatar.com\/avatar\/1f38f8518b09a266af73da2bce78d69e7d1275299970134ed62f572e0487e1d0?s=96&d=mm&r=g","contentUrl":"https:\/\/secure.gravatar.com\/avatar\/1f38f8518b09a266af73da2bce78d69e7d1275299970134ed62f572e0487e1d0?s=96&d=mm&r=g","caption":"Mar\u00eda de la Paz Rodarte Ram\u00edrez"},"sameAs":["https:\/\/www.elhijodelllanero.mx"],"url":"https:\/\/elhijodelllanero.mx\/index.php\/author\/maricuas\/"}]}},"jetpack_featured_media_url":"","jetpack-related-posts":[],"jetpack_sharing_enabled":true,"_links":{"self":[{"href":"https:\/\/elhijodelllanero.mx\/index.php\/wp-json\/wp\/v2\/posts\/9320","targetHints":{"allow":["GET"]}}],"collection":[{"href":"https:\/\/elhijodelllanero.mx\/index.php\/wp-json\/wp\/v2\/posts"}],"about":[{"href":"https:\/\/elhijodelllanero.mx\/index.php\/wp-json\/wp\/v2\/types\/post"}],"author":[{"embeddable":true,"href":"https:\/\/elhijodelllanero.mx\/index.php\/wp-json\/wp\/v2\/users\/3"}],"replies":[{"embeddable":true,"href":"https:\/\/elhijodelllanero.mx\/index.php\/wp-json\/wp\/v2\/comments?post=9320"}],"version-history":[{"count":1,"href":"https:\/\/elhijodelllanero.mx\/index.php\/wp-json\/wp\/v2\/posts\/9320\/revisions"}],"predecessor-version":[{"id":9323,"href":"https:\/\/elhijodelllanero.mx\/index.php\/wp-json\/wp\/v2\/posts\/9320\/revisions\/9323"}],"wp:attachment":[{"href":"https:\/\/elhijodelllanero.mx\/index.php\/wp-json\/wp\/v2\/media?parent=9320"}],"wp:term":[{"taxonomy":"category","embeddable":true,"href":"https:\/\/elhijodelllanero.mx\/index.php\/wp-json\/wp\/v2\/categories?post=9320"},{"taxonomy":"post_tag","embeddable":true,"href":"https:\/\/elhijodelllanero.mx\/index.php\/wp-json\/wp\/v2\/tags?post=9320"}],"curies":[{"name":"wp","href":"https:\/\/api.w.org\/{rel}","templated":true}]}}