{"id":9326,"date":"2025-02-10T23:17:35","date_gmt":"2025-02-10T23:17:35","guid":{"rendered":"https:\/\/elhijodelllanero.mx\/?p=9326"},"modified":"2025-02-10T23:17:35","modified_gmt":"2025-02-10T23:17:35","slug":"atienden-a-comerciantes-los-apoyaran-con-la-creacion-de-una-asociacion-civil-y-un-tianguis-nocturno","status":"publish","type":"post","link":"https:\/\/elhijodelllanero.mx\/index.php\/2025\/02\/10\/atienden-a-comerciantes-los-apoyaran-con-la-creacion-de-una-asociacion-civil-y-un-tianguis-nocturno\/","title":{"rendered":"ATIENDEN A COMERCIANTES, LOS APOYAR\u00c1N CON LA CREACI\u00d3N DE UNA ASOCIACI\u00d3N CIVIL Y UN TIANGUIS NOCTURNO"},"content":{"rendered":"<p><img data-recalc-dims=\"1\" loading=\"lazy\" decoding=\"async\" class=\"alignnone size-medium wp-image-9327\" src=\"https:\/\/i0.wp.com\/elhijodelllanero.mx\/wp-content\/uploads\/2025\/02\/IMG-20250210-WA0205.jpg?resize=300%2C191&#038;ssl=1\" alt=\"\" width=\"300\" height=\"191\" srcset=\"https:\/\/i0.wp.com\/elhijodelllanero.mx\/wp-content\/uploads\/2025\/02\/IMG-20250210-WA0205.jpg?resize=300%2C191&amp;ssl=1 300w, https:\/\/i0.wp.com\/elhijodelllanero.mx\/wp-content\/uploads\/2025\/02\/IMG-20250210-WA0205.jpg?resize=1024%2C651&amp;ssl=1 1024w, https:\/\/i0.wp.com\/elhijodelllanero.mx\/wp-content\/uploads\/2025\/02\/IMG-20250210-WA0205.jpg?resize=768%2C488&amp;ssl=1 768w, https:\/\/i0.wp.com\/elhijodelllanero.mx\/wp-content\/uploads\/2025\/02\/IMG-20250210-WA0205.jpg?resize=1536%2C976&amp;ssl=1 1536w, https:\/\/i0.wp.com\/elhijodelllanero.mx\/wp-content\/uploads\/2025\/02\/IMG-20250210-WA0205.jpg?resize=2048%2C1302&amp;ssl=1 2048w, https:\/\/i0.wp.com\/elhijodelllanero.mx\/wp-content\/uploads\/2025\/02\/IMG-20250210-WA0205.jpg?resize=661%2C420&amp;ssl=1 661w, https:\/\/i0.wp.com\/elhijodelllanero.mx\/wp-content\/uploads\/2025\/02\/IMG-20250210-WA0205.jpg?resize=696%2C442&amp;ssl=1 696w, https:\/\/i0.wp.com\/elhijodelllanero.mx\/wp-content\/uploads\/2025\/02\/IMG-20250210-WA0205.jpg?resize=1068%2C679&amp;ssl=1 1068w, https:\/\/i0.wp.com\/elhijodelllanero.mx\/wp-content\/uploads\/2025\/02\/IMG-20250210-WA0205.jpg?resize=1920%2C1220&amp;ssl=1 1920w, https:\/\/i0.wp.com\/elhijodelllanero.mx\/wp-content\/uploads\/2025\/02\/IMG-20250210-WA0205.jpg?w=1392&amp;ssl=1 1392w\" sizes=\"auto, (max-width: 300px) 100vw, 300px\" \/><\/p>\n<p>Villagr\u00e1n, Gto. 10 de febrero del 2025. &#8211; Para dar oportunidades de trabajo y cubrir algunas de las necesidades de vecindarios cercanos, un grupo de comerciantes y emprendedores locales, solicit\u00f3 apoyo en el primer \u201cLunes con la Gente\u201d y fueron atendidos por el presidente del patronato del DIF, Emmanuel Reyes Carmona, quien les ofreci\u00f3 ayudarlos a crear una asociaci\u00f3n civil para establecer un tianguis nocturno que podr\u00eda establecerse en el parque Antares.<\/p>\n<p>Los comerciantes y vecinos emprendedores, le hicieron el planteamiento durante \u201cEl lunes con la gente\u201d, que a partir de hoy y cada semana estar\u00e1 en el jard\u00edn y comunidades para atender a la ciudadan\u00eda en los asuntos con las dependencias.<\/p>\n<p>Actualmente, son 17 comerciantes que trabajan de manera normal durante el d\u00eda sobre la calle Juli\u00e1n Villagr\u00e1n en la colonia Revoluci\u00f3n, y ahora para ello, cubren su plaza al municipio, aunque consideraron que por las bajas ventas, tienen problemas econ\u00f3micos.<\/p>\n<p>Por ello, solicitaron al senador que se les otorgue un mes de \u201cgracia\u201d para no pagar las cuotas en tanto se \u201caclientelan\u201d, y comiencen a mejorar sus ventas, situaci\u00f3n que ofreci\u00f3 dialogar con la presidenta Cinthia Teniente.<\/p>\n<p>Los comerciantes dijeron estar conscientes de que su establecimiento deber\u00e1 estar en una zona que no afecte a la circulaci\u00f3n ni al vecindario, y se\u00f1alaron que el lugar que seleccionaron podr\u00eda ser en la zona del Parque Antares, en la colonia Planetaria.<\/p>\n<p>Luego de escuchar los planteamientos, el senador gir\u00f3 instrucciones al director de Fiscalizaci\u00f3n, Roberto Antonio Mendoza L\u00f3pez, para que hiciera las gestiones ante la presidenta municipal, Cinthia Teniente, para que no se les cobre la plaza durante un mes.<\/p>\n<p>Pero tambi\u00e9n, levantar un padr\u00f3n sobre los comerciantes interesados en participar en el tianguis nocturno, para comenzar a trabajar a partir del mes pr\u00f3ximo, con el que adem\u00e1s de crear fuentes de empleo se reactivar\u00e1 la econom\u00eda local.<\/p>\n","protected":false},"excerpt":{"rendered":"<p>Villagr\u00e1n, Gto. 10 de febrero del 2025. &#8211; Para dar oportunidades de trabajo y cubrir algunas de las necesidades de vecindarios cercanos, un grupo de comerciantes y emprendedores locales, solicit\u00f3 apoyo en el primer \u201cLunes con la Gente\u201d y fueron atendidos por el presidente del patronato del DIF, Emmanuel Reyes Carmona, quien les ofreci\u00f3 ayudarlos [&hellip;]<\/p>\n","protected":false},"author":3,"featured_media":0,"comment_status":"open","ping_status":"closed","sticky":false,"template":"","format":"standard","meta":{"_jetpack_newsletter_access":"","_jetpack_dont_email_post_to_subs":false,"_jetpack_newsletter_tier_id":0,"_jetpack_memberships_contains_paywalled_content":false,"_jetpack_memberships_contains_paid_content":false,"footnotes":""},"categories":[76,85],"tags":[],"class_list":{"0":"post-9326","1":"post","2":"type-post","3":"status-publish","4":"format-standard","6":"category-municipios","7":"category-villagran"},"yoast_head":"<!-- This site is optimized with the Yoast SEO plugin v27.3 - https:\/\/yoast.com\/product\/yoast-seo-wordpress\/ -->\n<title>ATIENDEN A COMERCIANTES, LOS APOYAR\u00c1N CON LA CREACI\u00d3N DE UNA ASOCIACI\u00d3N CIVIL Y UN TIANGUIS NOCTURNO - El Hijo del llanero solititito<\/title>\n<meta name=\"robots\" content=\"index, follow, max-snippet:-1, max-image-preview:large, max-video-preview:-1\" \/>\n<link rel=\"canonical\" href=\"https:\/\/elhijodelllanero.mx\/index.php\/2025\/02\/10\/atienden-a-comerciantes-los-apoyaran-con-la-creacion-de-una-asociacion-civil-y-un-tianguis-nocturno\/\" \/>\n<meta property=\"og:locale\" content=\"es_ES\" \/>\n<meta property=\"og:type\" content=\"article\" \/>\n<meta property=\"og:title\" content=\"ATIENDEN A COMERCIANTES, LOS APOYAR\u00c1N CON LA CREACI\u00d3N DE UNA ASOCIACI\u00d3N CIVIL Y UN TIANGUIS NOCTURNO - El Hijo del llanero solititito\" \/>\n<meta property=\"og:description\" content=\"Villagr\u00e1n, Gto. 10 de febrero del 2025. &#8211; Para dar oportunidades de trabajo y cubrir algunas de las necesidades de vecindarios cercanos, un grupo de comerciantes y emprendedores locales, solicit\u00f3 apoyo en el primer \u201cLunes con la Gente\u201d y fueron atendidos por el presidente del patronato del DIF, Emmanuel Reyes Carmona, quien les ofreci\u00f3 ayudarlos [&hellip;]\" \/>\n<meta property=\"og:url\" content=\"https:\/\/elhijodelllanero.mx\/index.php\/2025\/02\/10\/atienden-a-comerciantes-los-apoyaran-con-la-creacion-de-una-asociacion-civil-y-un-tianguis-nocturno\/\" \/>\n<meta property=\"og:site_name\" content=\"El Hijo del llanero solititito\" \/>\n<meta property=\"article:published_time\" content=\"2025-02-10T23:17:35+00:00\" \/>\n<meta property=\"og:image\" content=\"https:\/\/elhijodelllanero.mx\/wp-content\/uploads\/2025\/02\/IMG-20250210-WA0205-300x191.jpg\" \/>\n<meta name=\"author\" content=\"Mar\u00eda de la Paz Rodarte Ram\u00edrez\" \/>\n<meta name=\"twitter:card\" content=\"summary_large_image\" \/>\n<meta name=\"twitter:label1\" content=\"Escrito por\" \/>\n\t<meta name=\"twitter:data1\" content=\"Mar\u00eda de la Paz Rodarte Ram\u00edrez\" \/>\n\t<meta name=\"twitter:label2\" content=\"Tiempo de lectura\" \/>\n\t<meta name=\"twitter:data2\" content=\"2 minutos\" \/>\n<script type=\"application\/ld+json\" class=\"yoast-schema-graph\">{\"@context\":\"https:\\\/\\\/schema.org\",\"@graph\":[{\"@type\":\"Article\",\"@id\":\"https:\\\/\\\/elhijodelllanero.mx\\\/index.php\\\/2025\\\/02\\\/10\\\/atienden-a-comerciantes-los-apoyaran-con-la-creacion-de-una-asociacion-civil-y-un-tianguis-nocturno\\\/#article\",\"isPartOf\":{\"@id\":\"https:\\\/\\\/elhijodelllanero.mx\\\/index.php\\\/2025\\\/02\\\/10\\\/atienden-a-comerciantes-los-apoyaran-con-la-creacion-de-una-asociacion-civil-y-un-tianguis-nocturno\\\/\"},\"author\":{\"name\":\"Mar\u00eda de la Paz Rodarte Ram\u00edrez\",\"@id\":\"https:\\\/\\\/elhijodelllanero.mx\\\/#\\\/schema\\\/person\\\/c7f8c86c55c1eab44ae2b93a9628245f\"},\"headline\":\"ATIENDEN A COMERCIANTES, LOS APOYAR\u00c1N CON LA CREACI\u00d3N DE UNA ASOCIACI\u00d3N CIVIL Y UN TIANGUIS NOCTURNO\",\"datePublished\":\"2025-02-10T23:17:35+00:00\",\"mainEntityOfPage\":{\"@id\":\"https:\\\/\\\/elhijodelllanero.mx\\\/index.php\\\/2025\\\/02\\\/10\\\/atienden-a-comerciantes-los-apoyaran-con-la-creacion-de-una-asociacion-civil-y-un-tianguis-nocturno\\\/\"},\"wordCount\":345,\"commentCount\":0,\"image\":{\"@id\":\"https:\\\/\\\/elhijodelllanero.mx\\\/index.php\\\/2025\\\/02\\\/10\\\/atienden-a-comerciantes-los-apoyaran-con-la-creacion-de-una-asociacion-civil-y-un-tianguis-nocturno\\\/#primaryimage\"},\"thumbnailUrl\":\"https:\\\/\\\/elhijodelllanero.mx\\\/wp-content\\\/uploads\\\/2025\\\/02\\\/IMG-20250210-WA0205-300x191.jpg\",\"articleSection\":[\"MUNICIPIOS\",\"Villagr\u00e1n\"],\"inLanguage\":\"es\",\"potentialAction\":[{\"@type\":\"CommentAction\",\"name\":\"Comment\",\"target\":[\"https:\\\/\\\/elhijodelllanero.mx\\\/index.php\\\/2025\\\/02\\\/10\\\/atienden-a-comerciantes-los-apoyaran-con-la-creacion-de-una-asociacion-civil-y-un-tianguis-nocturno\\\/#respond\"]}]},{\"@type\":\"WebPage\",\"@id\":\"https:\\\/\\\/elhijodelllanero.mx\\\/index.php\\\/2025\\\/02\\\/10\\\/atienden-a-comerciantes-los-apoyaran-con-la-creacion-de-una-asociacion-civil-y-un-tianguis-nocturno\\\/\",\"url\":\"https:\\\/\\\/elhijodelllanero.mx\\\/index.php\\\/2025\\\/02\\\/10\\\/atienden-a-comerciantes-los-apoyaran-con-la-creacion-de-una-asociacion-civil-y-un-tianguis-nocturno\\\/\",\"name\":\"ATIENDEN A COMERCIANTES, LOS APOYAR\u00c1N CON LA CREACI\u00d3N DE UNA ASOCIACI\u00d3N CIVIL Y UN TIANGUIS NOCTURNO - El Hijo del llanero solititito\",\"isPartOf\":{\"@id\":\"https:\\\/\\\/elhijodelllanero.mx\\\/#website\"},\"primaryImageOfPage\":{\"@id\":\"https:\\\/\\\/elhijodelllanero.mx\\\/index.php\\\/2025\\\/02\\\/10\\\/atienden-a-comerciantes-los-apoyaran-con-la-creacion-de-una-asociacion-civil-y-un-tianguis-nocturno\\\/#primaryimage\"},\"image\":{\"@id\":\"https:\\\/\\\/elhijodelllanero.mx\\\/index.php\\\/2025\\\/02\\\/10\\\/atienden-a-comerciantes-los-apoyaran-con-la-creacion-de-una-asociacion-civil-y-un-tianguis-nocturno\\\/#primaryimage\"},\"thumbnailUrl\":\"https:\\\/\\\/elhijodelllanero.mx\\\/wp-content\\\/uploads\\\/2025\\\/02\\\/IMG-20250210-WA0205-300x191.jpg\",\"datePublished\":\"2025-02-10T23:17:35+00:00\",\"author\":{\"@id\":\"https:\\\/\\\/elhijodelllanero.mx\\\/#\\\/schema\\\/person\\\/c7f8c86c55c1eab44ae2b93a9628245f\"},\"breadcrumb\":{\"@id\":\"https:\\\/\\\/elhijodelllanero.mx\\\/index.php\\\/2025\\\/02\\\/10\\\/atienden-a-comerciantes-los-apoyaran-con-la-creacion-de-una-asociacion-civil-y-un-tianguis-nocturno\\\/#breadcrumb\"},\"inLanguage\":\"es\",\"potentialAction\":[{\"@type\":\"ReadAction\",\"target\":[\"https:\\\/\\\/elhijodelllanero.mx\\\/index.php\\\/2025\\\/02\\\/10\\\/atienden-a-comerciantes-los-apoyaran-con-la-creacion-de-una-asociacion-civil-y-un-tianguis-nocturno\\\/\"]}]},{\"@type\":\"ImageObject\",\"inLanguage\":\"es\",\"@id\":\"https:\\\/\\\/elhijodelllanero.mx\\\/index.php\\\/2025\\\/02\\\/10\\\/atienden-a-comerciantes-los-apoyaran-con-la-creacion-de-una-asociacion-civil-y-un-tianguis-nocturno\\\/#primaryimage\",\"url\":\"https:\\\/\\\/i0.wp.com\\\/elhijodelllanero.mx\\\/wp-content\\\/uploads\\\/2025\\\/02\\\/IMG-20250210-WA0205.jpg?fit=2560%2C1627&ssl=1\",\"contentUrl\":\"https:\\\/\\\/i0.wp.com\\\/elhijodelllanero.mx\\\/wp-content\\\/uploads\\\/2025\\\/02\\\/IMG-20250210-WA0205.jpg?fit=2560%2C1627&ssl=1\",\"width\":2560,\"height\":1627},{\"@type\":\"BreadcrumbList\",\"@id\":\"https:\\\/\\\/elhijodelllanero.mx\\\/index.php\\\/2025\\\/02\\\/10\\\/atienden-a-comerciantes-los-apoyaran-con-la-creacion-de-una-asociacion-civil-y-un-tianguis-nocturno\\\/#breadcrumb\",\"itemListElement\":[{\"@type\":\"ListItem\",\"position\":1,\"name\":\"Portada\",\"item\":\"https:\\\/\\\/elhijodelllanero.mx\\\/\"},{\"@type\":\"ListItem\",\"position\":2,\"name\":\"ATIENDEN A COMERCIANTES, LOS APOYAR\u00c1N CON LA CREACI\u00d3N DE UNA ASOCIACI\u00d3N CIVIL Y UN TIANGUIS NOCTURNO\"}]},{\"@type\":\"WebSite\",\"@id\":\"https:\\\/\\\/elhijodelllanero.mx\\\/#website\",\"url\":\"https:\\\/\\\/elhijodelllanero.mx\\\/\",\"name\":\"El Hijo del llanero solititito\",\"description\":\"\",\"potentialAction\":[{\"@type\":\"SearchAction\",\"target\":{\"@type\":\"EntryPoint\",\"urlTemplate\":\"https:\\\/\\\/elhijodelllanero.mx\\\/?s={search_term_string}\"},\"query-input\":{\"@type\":\"PropertyValueSpecification\",\"valueRequired\":true,\"valueName\":\"search_term_string\"}}],\"inLanguage\":\"es\"},{\"@type\":\"Person\",\"@id\":\"https:\\\/\\\/elhijodelllanero.mx\\\/#\\\/schema\\\/person\\\/c7f8c86c55c1eab44ae2b93a9628245f\",\"name\":\"Mar\u00eda de la Paz Rodarte Ram\u00edrez\",\"image\":{\"@type\":\"ImageObject\",\"inLanguage\":\"es\",\"@id\":\"https:\\\/\\\/secure.gravatar.com\\\/avatar\\\/1f38f8518b09a266af73da2bce78d69e7d1275299970134ed62f572e0487e1d0?s=96&d=mm&r=g\",\"url\":\"https:\\\/\\\/secure.gravatar.com\\\/avatar\\\/1f38f8518b09a266af73da2bce78d69e7d1275299970134ed62f572e0487e1d0?s=96&d=mm&r=g\",\"contentUrl\":\"https:\\\/\\\/secure.gravatar.com\\\/avatar\\\/1f38f8518b09a266af73da2bce78d69e7d1275299970134ed62f572e0487e1d0?s=96&d=mm&r=g\",\"caption\":\"Mar\u00eda de la Paz Rodarte Ram\u00edrez\"},\"sameAs\":[\"https:\\\/\\\/www.elhijodelllanero.mx\"],\"url\":\"https:\\\/\\\/elhijodelllanero.mx\\\/index.php\\\/author\\\/maricuas\\\/\"}]}<\/script>\n<!-- \/ Yoast SEO plugin. -->","yoast_head_json":{"title":"ATIENDEN A COMERCIANTES, LOS APOYAR\u00c1N CON LA CREACI\u00d3N DE UNA ASOCIACI\u00d3N CIVIL Y UN TIANGUIS NOCTURNO - El Hijo del llanero solititito","robots":{"index":"index","follow":"follow","max-snippet":"max-snippet:-1","max-image-preview":"max-image-preview:large","max-video-preview":"max-video-preview:-1"},"canonical":"https:\/\/elhijodelllanero.mx\/index.php\/2025\/02\/10\/atienden-a-comerciantes-los-apoyaran-con-la-creacion-de-una-asociacion-civil-y-un-tianguis-nocturno\/","og_locale":"es_ES","og_type":"article","og_title":"ATIENDEN A COMERCIANTES, LOS APOYAR\u00c1N CON LA CREACI\u00d3N DE UNA ASOCIACI\u00d3N CIVIL Y UN TIANGUIS NOCTURNO - El Hijo del llanero solititito","og_description":"Villagr\u00e1n, Gto. 10 de febrero del 2025. &#8211; Para dar oportunidades de trabajo y cubrir algunas de las necesidades de vecindarios cercanos, un grupo de comerciantes y emprendedores locales, solicit\u00f3 apoyo en el primer \u201cLunes con la Gente\u201d y fueron atendidos por el presidente del patronato del DIF, Emmanuel Reyes Carmona, quien les ofreci\u00f3 ayudarlos [&hellip;]","og_url":"https:\/\/elhijodelllanero.mx\/index.php\/2025\/02\/10\/atienden-a-comerciantes-los-apoyaran-con-la-creacion-de-una-asociacion-civil-y-un-tianguis-nocturno\/","og_site_name":"El Hijo del llanero solititito","article_published_time":"2025-02-10T23:17:35+00:00","og_image":[{"url":"https:\/\/elhijodelllanero.mx\/wp-content\/uploads\/2025\/02\/IMG-20250210-WA0205-300x191.jpg","type":"","width":"","height":""}],"author":"Mar\u00eda de la Paz Rodarte Ram\u00edrez","twitter_card":"summary_large_image","twitter_misc":{"Escrito por":"Mar\u00eda de la Paz Rodarte Ram\u00edrez","Tiempo de lectura":"2 minutos"},"schema":{"@context":"https:\/\/schema.org","@graph":[{"@type":"Article","@id":"https:\/\/elhijodelllanero.mx\/index.php\/2025\/02\/10\/atienden-a-comerciantes-los-apoyaran-con-la-creacion-de-una-asociacion-civil-y-un-tianguis-nocturno\/#article","isPartOf":{"@id":"https:\/\/elhijodelllanero.mx\/index.php\/2025\/02\/10\/atienden-a-comerciantes-los-apoyaran-con-la-creacion-de-una-asociacion-civil-y-un-tianguis-nocturno\/"},"author":{"name":"Mar\u00eda de la Paz Rodarte Ram\u00edrez","@id":"https:\/\/elhijodelllanero.mx\/#\/schema\/person\/c7f8c86c55c1eab44ae2b93a9628245f"},"headline":"ATIENDEN A COMERCIANTES, LOS APOYAR\u00c1N CON LA CREACI\u00d3N DE UNA ASOCIACI\u00d3N CIVIL Y UN TIANGUIS NOCTURNO","datePublished":"2025-02-10T23:17:35+00:00","mainEntityOfPage":{"@id":"https:\/\/elhijodelllanero.mx\/index.php\/2025\/02\/10\/atienden-a-comerciantes-los-apoyaran-con-la-creacion-de-una-asociacion-civil-y-un-tianguis-nocturno\/"},"wordCount":345,"commentCount":0,"image":{"@id":"https:\/\/elhijodelllanero.mx\/index.php\/2025\/02\/10\/atienden-a-comerciantes-los-apoyaran-con-la-creacion-de-una-asociacion-civil-y-un-tianguis-nocturno\/#primaryimage"},"thumbnailUrl":"https:\/\/elhijodelllanero.mx\/wp-content\/uploads\/2025\/02\/IMG-20250210-WA0205-300x191.jpg","articleSection":["MUNICIPIOS","Villagr\u00e1n"],"inLanguage":"es","potentialAction":[{"@type":"CommentAction","name":"Comment","target":["https:\/\/elhijodelllanero.mx\/index.php\/2025\/02\/10\/atienden-a-comerciantes-los-apoyaran-con-la-creacion-de-una-asociacion-civil-y-un-tianguis-nocturno\/#respond"]}]},{"@type":"WebPage","@id":"https:\/\/elhijodelllanero.mx\/index.php\/2025\/02\/10\/atienden-a-comerciantes-los-apoyaran-con-la-creacion-de-una-asociacion-civil-y-un-tianguis-nocturno\/","url":"https:\/\/elhijodelllanero.mx\/index.php\/2025\/02\/10\/atienden-a-comerciantes-los-apoyaran-con-la-creacion-de-una-asociacion-civil-y-un-tianguis-nocturno\/","name":"ATIENDEN A COMERCIANTES, LOS APOYAR\u00c1N CON LA CREACI\u00d3N DE UNA ASOCIACI\u00d3N CIVIL Y UN TIANGUIS NOCTURNO - El Hijo del llanero solititito","isPartOf":{"@id":"https:\/\/elhijodelllanero.mx\/#website"},"primaryImageOfPage":{"@id":"https:\/\/elhijodelllanero.mx\/index.php\/2025\/02\/10\/atienden-a-comerciantes-los-apoyaran-con-la-creacion-de-una-asociacion-civil-y-un-tianguis-nocturno\/#primaryimage"},"image":{"@id":"https:\/\/elhijodelllanero.mx\/index.php\/2025\/02\/10\/atienden-a-comerciantes-los-apoyaran-con-la-creacion-de-una-asociacion-civil-y-un-tianguis-nocturno\/#primaryimage"},"thumbnailUrl":"https:\/\/elhijodelllanero.mx\/wp-content\/uploads\/2025\/02\/IMG-20250210-WA0205-300x191.jpg","datePublished":"2025-02-10T23:17:35+00:00","author":{"@id":"https:\/\/elhijodelllanero.mx\/#\/schema\/person\/c7f8c86c55c1eab44ae2b93a9628245f"},"breadcrumb":{"@id":"https:\/\/elhijodelllanero.mx\/index.php\/2025\/02\/10\/atienden-a-comerciantes-los-apoyaran-con-la-creacion-de-una-asociacion-civil-y-un-tianguis-nocturno\/#breadcrumb"},"inLanguage":"es","potentialAction":[{"@type":"ReadAction","target":["https:\/\/elhijodelllanero.mx\/index.php\/2025\/02\/10\/atienden-a-comerciantes-los-apoyaran-con-la-creacion-de-una-asociacion-civil-y-un-tianguis-nocturno\/"]}]},{"@type":"ImageObject","inLanguage":"es","@id":"https:\/\/elhijodelllanero.mx\/index.php\/2025\/02\/10\/atienden-a-comerciantes-los-apoyaran-con-la-creacion-de-una-asociacion-civil-y-un-tianguis-nocturno\/#primaryimage","url":"https:\/\/i0.wp.com\/elhijodelllanero.mx\/wp-content\/uploads\/2025\/02\/IMG-20250210-WA0205.jpg?fit=2560%2C1627&ssl=1","contentUrl":"https:\/\/i0.wp.com\/elhijodelllanero.mx\/wp-content\/uploads\/2025\/02\/IMG-20250210-WA0205.jpg?fit=2560%2C1627&ssl=1","width":2560,"height":1627},{"@type":"BreadcrumbList","@id":"https:\/\/elhijodelllanero.mx\/index.php\/2025\/02\/10\/atienden-a-comerciantes-los-apoyaran-con-la-creacion-de-una-asociacion-civil-y-un-tianguis-nocturno\/#breadcrumb","itemListElement":[{"@type":"ListItem","position":1,"name":"Portada","item":"https:\/\/elhijodelllanero.mx\/"},{"@type":"ListItem","position":2,"name":"ATIENDEN A COMERCIANTES, LOS APOYAR\u00c1N CON LA CREACI\u00d3N DE UNA ASOCIACI\u00d3N CIVIL Y UN TIANGUIS NOCTURNO"}]},{"@type":"WebSite","@id":"https:\/\/elhijodelllanero.mx\/#website","url":"https:\/\/elhijodelllanero.mx\/","name":"El Hijo del llanero solititito","description":"","potentialAction":[{"@type":"SearchAction","target":{"@type":"EntryPoint","urlTemplate":"https:\/\/elhijodelllanero.mx\/?s={search_term_string}"},"query-input":{"@type":"PropertyValueSpecification","valueRequired":true,"valueName":"search_term_string"}}],"inLanguage":"es"},{"@type":"Person","@id":"https:\/\/elhijodelllanero.mx\/#\/schema\/person\/c7f8c86c55c1eab44ae2b93a9628245f","name":"Mar\u00eda de la Paz Rodarte Ram\u00edrez","image":{"@type":"ImageObject","inLanguage":"es","@id":"https:\/\/secure.gravatar.com\/avatar\/1f38f8518b09a266af73da2bce78d69e7d1275299970134ed62f572e0487e1d0?s=96&d=mm&r=g","url":"https:\/\/secure.gravatar.com\/avatar\/1f38f8518b09a266af73da2bce78d69e7d1275299970134ed62f572e0487e1d0?s=96&d=mm&r=g","contentUrl":"https:\/\/secure.gravatar.com\/avatar\/1f38f8518b09a266af73da2bce78d69e7d1275299970134ed62f572e0487e1d0?s=96&d=mm&r=g","caption":"Mar\u00eda de la Paz Rodarte Ram\u00edrez"},"sameAs":["https:\/\/www.elhijodelllanero.mx"],"url":"https:\/\/elhijodelllanero.mx\/index.php\/author\/maricuas\/"}]}},"jetpack_featured_media_url":"","jetpack-related-posts":[],"jetpack_sharing_enabled":true,"_links":{"self":[{"href":"https:\/\/elhijodelllanero.mx\/index.php\/wp-json\/wp\/v2\/posts\/9326","targetHints":{"allow":["GET"]}}],"collection":[{"href":"https:\/\/elhijodelllanero.mx\/index.php\/wp-json\/wp\/v2\/posts"}],"about":[{"href":"https:\/\/elhijodelllanero.mx\/index.php\/wp-json\/wp\/v2\/types\/post"}],"author":[{"embeddable":true,"href":"https:\/\/elhijodelllanero.mx\/index.php\/wp-json\/wp\/v2\/users\/3"}],"replies":[{"embeddable":true,"href":"https:\/\/elhijodelllanero.mx\/index.php\/wp-json\/wp\/v2\/comments?post=9326"}],"version-history":[{"count":1,"href":"https:\/\/elhijodelllanero.mx\/index.php\/wp-json\/wp\/v2\/posts\/9326\/revisions"}],"predecessor-version":[{"id":9328,"href":"https:\/\/elhijodelllanero.mx\/index.php\/wp-json\/wp\/v2\/posts\/9326\/revisions\/9328"}],"wp:attachment":[{"href":"https:\/\/elhijodelllanero.mx\/index.php\/wp-json\/wp\/v2\/media?parent=9326"}],"wp:term":[{"taxonomy":"category","embeddable":true,"href":"https:\/\/elhijodelllanero.mx\/index.php\/wp-json\/wp\/v2\/categories?post=9326"},{"taxonomy":"post_tag","embeddable":true,"href":"https:\/\/elhijodelllanero.mx\/index.php\/wp-json\/wp\/v2\/tags?post=9326"}],"curies":[{"name":"wp","href":"https:\/\/api.w.org\/{rel}","templated":true}]}}