{"id":9331,"date":"2025-02-10T23:30:18","date_gmt":"2025-02-10T23:30:18","guid":{"rendered":"https:\/\/elhijodelllanero.mx\/?p=9331"},"modified":"2025-02-10T23:30:18","modified_gmt":"2025-02-10T23:30:18","slug":"record-de-asistencia-en-teatro-del-pueblo-de-la-feria-de-la-candelaria","status":"publish","type":"post","link":"https:\/\/elhijodelllanero.mx\/index.php\/2025\/02\/10\/record-de-asistencia-en-teatro-del-pueblo-de-la-feria-de-la-candelaria\/","title":{"rendered":"R\u00c9CORD DE ASISTENCIA EN TEATRO DEL PUEBLO DE LA FERIA DE LA CANDELARIA"},"content":{"rendered":"<p><img data-recalc-dims=\"1\" loading=\"lazy\" decoding=\"async\" class=\"alignnone size-medium wp-image-9332\" src=\"https:\/\/i0.wp.com\/elhijodelllanero.mx\/wp-content\/uploads\/2025\/02\/Collage_20250210_172932.jpg?resize=300%2C300&#038;ssl=1\" alt=\"\" width=\"300\" height=\"300\" srcset=\"https:\/\/i0.wp.com\/elhijodelllanero.mx\/wp-content\/uploads\/2025\/02\/Collage_20250210_172932.jpg?resize=300%2C300&amp;ssl=1 300w, https:\/\/i0.wp.com\/elhijodelllanero.mx\/wp-content\/uploads\/2025\/02\/Collage_20250210_172932.jpg?resize=1024%2C1024&amp;ssl=1 1024w, https:\/\/i0.wp.com\/elhijodelllanero.mx\/wp-content\/uploads\/2025\/02\/Collage_20250210_172932.jpg?resize=150%2C150&amp;ssl=1 150w, https:\/\/i0.wp.com\/elhijodelllanero.mx\/wp-content\/uploads\/2025\/02\/Collage_20250210_172932.jpg?resize=768%2C768&amp;ssl=1 768w, https:\/\/i0.wp.com\/elhijodelllanero.mx\/wp-content\/uploads\/2025\/02\/Collage_20250210_172932.jpg?resize=1536%2C1536&amp;ssl=1 1536w, https:\/\/i0.wp.com\/elhijodelllanero.mx\/wp-content\/uploads\/2025\/02\/Collage_20250210_172932.jpg?resize=2048%2C2048&amp;ssl=1 2048w, https:\/\/i0.wp.com\/elhijodelllanero.mx\/wp-content\/uploads\/2025\/02\/Collage_20250210_172932.jpg?resize=420%2C420&amp;ssl=1 420w, https:\/\/i0.wp.com\/elhijodelllanero.mx\/wp-content\/uploads\/2025\/02\/Collage_20250210_172932.jpg?resize=696%2C696&amp;ssl=1 696w, https:\/\/i0.wp.com\/elhijodelllanero.mx\/wp-content\/uploads\/2025\/02\/Collage_20250210_172932.jpg?resize=1068%2C1068&amp;ssl=1 1068w, https:\/\/i0.wp.com\/elhijodelllanero.mx\/wp-content\/uploads\/2025\/02\/Collage_20250210_172932.jpg?resize=1920%2C1920&amp;ssl=1 1920w, https:\/\/i0.wp.com\/elhijodelllanero.mx\/wp-content\/uploads\/2025\/02\/Collage_20250210_172932.jpg?w=1392&amp;ssl=1 1392w\" sizes=\"auto, (max-width: 300px) 100vw, 300px\" \/><\/p>\n<p>Salvatierra, Gto. 10 de febrero de 2025.- La Feria de la Candelaria 2025 marc\u00f3 un precedente hist\u00f3rico en Salvatierra al registrar una asistencia sin precedentes. Durante los diez d\u00edas de festividades, m\u00e1s de 70 mil personas ingresaron al recinto ferial para disfrutar de los conciertos, juegos mec\u00e1nicos y atracciones tradicionales.<\/p>\n<p>El evento de clausura, protagonizado por los cantantes Jorge Medina y Josie Cuen, fue el m\u00e1s concurrido, reuniendo a m\u00e1s de 30 mil personas provenientes de diversas ciudades de Guanajuato, Michoac\u00e1n y Quer\u00e9taro.<\/p>\n<p>Otros conciertos tambi\u00e9n tuvieron una gran afluencia:<\/p>\n<p>\u2022 Los Titanes de Durango reunieron a 20 mil espectadores.<\/p>\n<p>\u2022 Peque\u00f1os Musical hizo cantar y bailar a 18 mil asistentes.<\/p>\n<p>\u2022 Entre 5 mil y 10 mil personas disfrutaron de las presentaciones de Inspector, Sa\u00fal \u201cEl Jaguar\u201d, Los Invasores de Nuevo Le\u00f3n, El Mimoso, Edwin Luna y la Trakalosa de Monterrey, Marco Flores y la N\u00famero 1 Banda Jerez, as\u00ed como Reyli Barba.<\/p>\n<p>La feria se desarroll\u00f3 en un ambiente de alegr\u00eda y seguridad, sin incidentes delictivos dentro o fuera del recinto. Adem\u00e1s, los asistentes pudieron disfrutar de m\u00e1s de 30 juegos mec\u00e1nicos gratuitos, sum\u00e1ndose a la experiencia festiva.<\/p>\n<p>Este a\u00f1o, la Feria de la Candelaria hizo historia al eliminar el costo de acceso al recinto y de los juegos mec\u00e1nicos, con el objetivo de que todos los salvaterrenses pudieran disfrutar plenamente de la celebraci\u00f3n. Esta iniciativa permiti\u00f3 que m\u00e1s personas vivieran la festividad, consolidando a Salvatierra como un referente de tradici\u00f3n y entretenimiento en la regi\u00f3n.<\/p>\n","protected":false},"excerpt":{"rendered":"<p>Salvatierra, Gto. 10 de febrero de 2025.- La Feria de la Candelaria 2025 marc\u00f3 un precedente hist\u00f3rico en Salvatierra al registrar una asistencia sin precedentes. Durante los diez d\u00edas de festividades, m\u00e1s de 70 mil personas ingresaron al recinto ferial para disfrutar de los conciertos, juegos mec\u00e1nicos y atracciones tradicionales. El evento de clausura, protagonizado [&hellip;]<\/p>\n","protected":false},"author":3,"featured_media":0,"comment_status":"open","ping_status":"closed","sticky":false,"template":"","format":"standard","meta":{"_jetpack_newsletter_access":"","_jetpack_dont_email_post_to_subs":false,"_jetpack_newsletter_tier_id":0,"_jetpack_memberships_contains_paywalled_content":false,"_jetpack_memberships_contains_paid_content":false,"footnotes":""},"categories":[76,80],"tags":[],"class_list":{"0":"post-9331","1":"post","2":"type-post","3":"status-publish","4":"format-standard","6":"category-municipios","7":"category-salvatierra"},"yoast_head":"<!-- This site is optimized with the Yoast SEO plugin v27.3 - https:\/\/yoast.com\/product\/yoast-seo-wordpress\/ -->\n<title>R\u00c9CORD DE ASISTENCIA EN TEATRO DEL PUEBLO DE LA FERIA DE LA CANDELARIA - El Hijo del llanero solititito<\/title>\n<meta name=\"robots\" content=\"index, follow, max-snippet:-1, max-image-preview:large, max-video-preview:-1\" \/>\n<link rel=\"canonical\" href=\"https:\/\/elhijodelllanero.mx\/index.php\/2025\/02\/10\/record-de-asistencia-en-teatro-del-pueblo-de-la-feria-de-la-candelaria\/\" \/>\n<meta property=\"og:locale\" content=\"es_ES\" \/>\n<meta property=\"og:type\" content=\"article\" \/>\n<meta property=\"og:title\" content=\"R\u00c9CORD DE ASISTENCIA EN TEATRO DEL PUEBLO DE LA FERIA DE LA CANDELARIA - El Hijo del llanero solititito\" \/>\n<meta property=\"og:description\" content=\"Salvatierra, Gto. 10 de febrero de 2025.- La Feria de la Candelaria 2025 marc\u00f3 un precedente hist\u00f3rico en Salvatierra al registrar una asistencia sin precedentes. Durante los diez d\u00edas de festividades, m\u00e1s de 70 mil personas ingresaron al recinto ferial para disfrutar de los conciertos, juegos mec\u00e1nicos y atracciones tradicionales. El evento de clausura, protagonizado [&hellip;]\" \/>\n<meta property=\"og:url\" content=\"https:\/\/elhijodelllanero.mx\/index.php\/2025\/02\/10\/record-de-asistencia-en-teatro-del-pueblo-de-la-feria-de-la-candelaria\/\" \/>\n<meta property=\"og:site_name\" content=\"El Hijo del llanero solititito\" \/>\n<meta property=\"article:published_time\" content=\"2025-02-10T23:30:18+00:00\" \/>\n<meta property=\"og:image\" content=\"https:\/\/elhijodelllanero.mx\/wp-content\/uploads\/2025\/02\/Collage_20250210_172932-300x300.jpg\" \/>\n<meta name=\"author\" content=\"Mar\u00eda de la Paz Rodarte Ram\u00edrez\" \/>\n<meta name=\"twitter:card\" content=\"summary_large_image\" \/>\n<meta name=\"twitter:label1\" content=\"Escrito por\" \/>\n\t<meta name=\"twitter:data1\" content=\"Mar\u00eda de la Paz Rodarte Ram\u00edrez\" \/>\n\t<meta name=\"twitter:label2\" content=\"Tiempo de lectura\" \/>\n\t<meta name=\"twitter:data2\" content=\"2 minutos\" \/>\n<script type=\"application\/ld+json\" class=\"yoast-schema-graph\">{\"@context\":\"https:\\\/\\\/schema.org\",\"@graph\":[{\"@type\":\"Article\",\"@id\":\"https:\\\/\\\/elhijodelllanero.mx\\\/index.php\\\/2025\\\/02\\\/10\\\/record-de-asistencia-en-teatro-del-pueblo-de-la-feria-de-la-candelaria\\\/#article\",\"isPartOf\":{\"@id\":\"https:\\\/\\\/elhijodelllanero.mx\\\/index.php\\\/2025\\\/02\\\/10\\\/record-de-asistencia-en-teatro-del-pueblo-de-la-feria-de-la-candelaria\\\/\"},\"author\":{\"name\":\"Mar\u00eda de la Paz Rodarte Ram\u00edrez\",\"@id\":\"https:\\\/\\\/elhijodelllanero.mx\\\/#\\\/schema\\\/person\\\/c7f8c86c55c1eab44ae2b93a9628245f\"},\"headline\":\"R\u00c9CORD DE ASISTENCIA EN TEATRO DEL PUEBLO DE LA FERIA DE LA CANDELARIA\",\"datePublished\":\"2025-02-10T23:30:18+00:00\",\"mainEntityOfPage\":{\"@id\":\"https:\\\/\\\/elhijodelllanero.mx\\\/index.php\\\/2025\\\/02\\\/10\\\/record-de-asistencia-en-teatro-del-pueblo-de-la-feria-de-la-candelaria\\\/\"},\"wordCount\":273,\"commentCount\":0,\"image\":{\"@id\":\"https:\\\/\\\/elhijodelllanero.mx\\\/index.php\\\/2025\\\/02\\\/10\\\/record-de-asistencia-en-teatro-del-pueblo-de-la-feria-de-la-candelaria\\\/#primaryimage\"},\"thumbnailUrl\":\"https:\\\/\\\/elhijodelllanero.mx\\\/wp-content\\\/uploads\\\/2025\\\/02\\\/Collage_20250210_172932-300x300.jpg\",\"articleSection\":[\"MUNICIPIOS\",\"SALVATIERRA\"],\"inLanguage\":\"es\",\"potentialAction\":[{\"@type\":\"CommentAction\",\"name\":\"Comment\",\"target\":[\"https:\\\/\\\/elhijodelllanero.mx\\\/index.php\\\/2025\\\/02\\\/10\\\/record-de-asistencia-en-teatro-del-pueblo-de-la-feria-de-la-candelaria\\\/#respond\"]}]},{\"@type\":\"WebPage\",\"@id\":\"https:\\\/\\\/elhijodelllanero.mx\\\/index.php\\\/2025\\\/02\\\/10\\\/record-de-asistencia-en-teatro-del-pueblo-de-la-feria-de-la-candelaria\\\/\",\"url\":\"https:\\\/\\\/elhijodelllanero.mx\\\/index.php\\\/2025\\\/02\\\/10\\\/record-de-asistencia-en-teatro-del-pueblo-de-la-feria-de-la-candelaria\\\/\",\"name\":\"R\u00c9CORD DE ASISTENCIA EN TEATRO DEL PUEBLO DE LA FERIA DE LA CANDELARIA - El Hijo del llanero solititito\",\"isPartOf\":{\"@id\":\"https:\\\/\\\/elhijodelllanero.mx\\\/#website\"},\"primaryImageOfPage\":{\"@id\":\"https:\\\/\\\/elhijodelllanero.mx\\\/index.php\\\/2025\\\/02\\\/10\\\/record-de-asistencia-en-teatro-del-pueblo-de-la-feria-de-la-candelaria\\\/#primaryimage\"},\"image\":{\"@id\":\"https:\\\/\\\/elhijodelllanero.mx\\\/index.php\\\/2025\\\/02\\\/10\\\/record-de-asistencia-en-teatro-del-pueblo-de-la-feria-de-la-candelaria\\\/#primaryimage\"},\"thumbnailUrl\":\"https:\\\/\\\/elhijodelllanero.mx\\\/wp-content\\\/uploads\\\/2025\\\/02\\\/Collage_20250210_172932-300x300.jpg\",\"datePublished\":\"2025-02-10T23:30:18+00:00\",\"author\":{\"@id\":\"https:\\\/\\\/elhijodelllanero.mx\\\/#\\\/schema\\\/person\\\/c7f8c86c55c1eab44ae2b93a9628245f\"},\"breadcrumb\":{\"@id\":\"https:\\\/\\\/elhijodelllanero.mx\\\/index.php\\\/2025\\\/02\\\/10\\\/record-de-asistencia-en-teatro-del-pueblo-de-la-feria-de-la-candelaria\\\/#breadcrumb\"},\"inLanguage\":\"es\",\"potentialAction\":[{\"@type\":\"ReadAction\",\"target\":[\"https:\\\/\\\/elhijodelllanero.mx\\\/index.php\\\/2025\\\/02\\\/10\\\/record-de-asistencia-en-teatro-del-pueblo-de-la-feria-de-la-candelaria\\\/\"]}]},{\"@type\":\"ImageObject\",\"inLanguage\":\"es\",\"@id\":\"https:\\\/\\\/elhijodelllanero.mx\\\/index.php\\\/2025\\\/02\\\/10\\\/record-de-asistencia-en-teatro-del-pueblo-de-la-feria-de-la-candelaria\\\/#primaryimage\",\"url\":\"https:\\\/\\\/i0.wp.com\\\/elhijodelllanero.mx\\\/wp-content\\\/uploads\\\/2025\\\/02\\\/Collage_20250210_172932.jpg?fit=2160%2C2160&ssl=1\",\"contentUrl\":\"https:\\\/\\\/i0.wp.com\\\/elhijodelllanero.mx\\\/wp-content\\\/uploads\\\/2025\\\/02\\\/Collage_20250210_172932.jpg?fit=2160%2C2160&ssl=1\",\"width\":2160,\"height\":2160},{\"@type\":\"BreadcrumbList\",\"@id\":\"https:\\\/\\\/elhijodelllanero.mx\\\/index.php\\\/2025\\\/02\\\/10\\\/record-de-asistencia-en-teatro-del-pueblo-de-la-feria-de-la-candelaria\\\/#breadcrumb\",\"itemListElement\":[{\"@type\":\"ListItem\",\"position\":1,\"name\":\"Portada\",\"item\":\"https:\\\/\\\/elhijodelllanero.mx\\\/\"},{\"@type\":\"ListItem\",\"position\":2,\"name\":\"R\u00c9CORD DE ASISTENCIA EN TEATRO DEL PUEBLO DE LA FERIA DE LA CANDELARIA\"}]},{\"@type\":\"WebSite\",\"@id\":\"https:\\\/\\\/elhijodelllanero.mx\\\/#website\",\"url\":\"https:\\\/\\\/elhijodelllanero.mx\\\/\",\"name\":\"El Hijo del llanero solititito\",\"description\":\"\",\"potentialAction\":[{\"@type\":\"SearchAction\",\"target\":{\"@type\":\"EntryPoint\",\"urlTemplate\":\"https:\\\/\\\/elhijodelllanero.mx\\\/?s={search_term_string}\"},\"query-input\":{\"@type\":\"PropertyValueSpecification\",\"valueRequired\":true,\"valueName\":\"search_term_string\"}}],\"inLanguage\":\"es\"},{\"@type\":\"Person\",\"@id\":\"https:\\\/\\\/elhijodelllanero.mx\\\/#\\\/schema\\\/person\\\/c7f8c86c55c1eab44ae2b93a9628245f\",\"name\":\"Mar\u00eda de la Paz Rodarte Ram\u00edrez\",\"image\":{\"@type\":\"ImageObject\",\"inLanguage\":\"es\",\"@id\":\"https:\\\/\\\/secure.gravatar.com\\\/avatar\\\/1f38f8518b09a266af73da2bce78d69e7d1275299970134ed62f572e0487e1d0?s=96&d=mm&r=g\",\"url\":\"https:\\\/\\\/secure.gravatar.com\\\/avatar\\\/1f38f8518b09a266af73da2bce78d69e7d1275299970134ed62f572e0487e1d0?s=96&d=mm&r=g\",\"contentUrl\":\"https:\\\/\\\/secure.gravatar.com\\\/avatar\\\/1f38f8518b09a266af73da2bce78d69e7d1275299970134ed62f572e0487e1d0?s=96&d=mm&r=g\",\"caption\":\"Mar\u00eda de la Paz Rodarte Ram\u00edrez\"},\"sameAs\":[\"https:\\\/\\\/www.elhijodelllanero.mx\"],\"url\":\"https:\\\/\\\/elhijodelllanero.mx\\\/index.php\\\/author\\\/maricuas\\\/\"}]}<\/script>\n<!-- \/ Yoast SEO plugin. -->","yoast_head_json":{"title":"R\u00c9CORD DE ASISTENCIA EN TEATRO DEL PUEBLO DE LA FERIA DE LA CANDELARIA - El Hijo del llanero solititito","robots":{"index":"index","follow":"follow","max-snippet":"max-snippet:-1","max-image-preview":"max-image-preview:large","max-video-preview":"max-video-preview:-1"},"canonical":"https:\/\/elhijodelllanero.mx\/index.php\/2025\/02\/10\/record-de-asistencia-en-teatro-del-pueblo-de-la-feria-de-la-candelaria\/","og_locale":"es_ES","og_type":"article","og_title":"R\u00c9CORD DE ASISTENCIA EN TEATRO DEL PUEBLO DE LA FERIA DE LA CANDELARIA - El Hijo del llanero solititito","og_description":"Salvatierra, Gto. 10 de febrero de 2025.- La Feria de la Candelaria 2025 marc\u00f3 un precedente hist\u00f3rico en Salvatierra al registrar una asistencia sin precedentes. Durante los diez d\u00edas de festividades, m\u00e1s de 70 mil personas ingresaron al recinto ferial para disfrutar de los conciertos, juegos mec\u00e1nicos y atracciones tradicionales. El evento de clausura, protagonizado [&hellip;]","og_url":"https:\/\/elhijodelllanero.mx\/index.php\/2025\/02\/10\/record-de-asistencia-en-teatro-del-pueblo-de-la-feria-de-la-candelaria\/","og_site_name":"El Hijo del llanero solititito","article_published_time":"2025-02-10T23:30:18+00:00","og_image":[{"url":"https:\/\/elhijodelllanero.mx\/wp-content\/uploads\/2025\/02\/Collage_20250210_172932-300x300.jpg","type":"","width":"","height":""}],"author":"Mar\u00eda de la Paz Rodarte Ram\u00edrez","twitter_card":"summary_large_image","twitter_misc":{"Escrito por":"Mar\u00eda de la Paz Rodarte Ram\u00edrez","Tiempo de lectura":"2 minutos"},"schema":{"@context":"https:\/\/schema.org","@graph":[{"@type":"Article","@id":"https:\/\/elhijodelllanero.mx\/index.php\/2025\/02\/10\/record-de-asistencia-en-teatro-del-pueblo-de-la-feria-de-la-candelaria\/#article","isPartOf":{"@id":"https:\/\/elhijodelllanero.mx\/index.php\/2025\/02\/10\/record-de-asistencia-en-teatro-del-pueblo-de-la-feria-de-la-candelaria\/"},"author":{"name":"Mar\u00eda de la Paz Rodarte Ram\u00edrez","@id":"https:\/\/elhijodelllanero.mx\/#\/schema\/person\/c7f8c86c55c1eab44ae2b93a9628245f"},"headline":"R\u00c9CORD DE ASISTENCIA EN TEATRO DEL PUEBLO DE LA FERIA DE LA CANDELARIA","datePublished":"2025-02-10T23:30:18+00:00","mainEntityOfPage":{"@id":"https:\/\/elhijodelllanero.mx\/index.php\/2025\/02\/10\/record-de-asistencia-en-teatro-del-pueblo-de-la-feria-de-la-candelaria\/"},"wordCount":273,"commentCount":0,"image":{"@id":"https:\/\/elhijodelllanero.mx\/index.php\/2025\/02\/10\/record-de-asistencia-en-teatro-del-pueblo-de-la-feria-de-la-candelaria\/#primaryimage"},"thumbnailUrl":"https:\/\/elhijodelllanero.mx\/wp-content\/uploads\/2025\/02\/Collage_20250210_172932-300x300.jpg","articleSection":["MUNICIPIOS","SALVATIERRA"],"inLanguage":"es","potentialAction":[{"@type":"CommentAction","name":"Comment","target":["https:\/\/elhijodelllanero.mx\/index.php\/2025\/02\/10\/record-de-asistencia-en-teatro-del-pueblo-de-la-feria-de-la-candelaria\/#respond"]}]},{"@type":"WebPage","@id":"https:\/\/elhijodelllanero.mx\/index.php\/2025\/02\/10\/record-de-asistencia-en-teatro-del-pueblo-de-la-feria-de-la-candelaria\/","url":"https:\/\/elhijodelllanero.mx\/index.php\/2025\/02\/10\/record-de-asistencia-en-teatro-del-pueblo-de-la-feria-de-la-candelaria\/","name":"R\u00c9CORD DE ASISTENCIA EN TEATRO DEL PUEBLO DE LA FERIA DE LA CANDELARIA - El Hijo del llanero solititito","isPartOf":{"@id":"https:\/\/elhijodelllanero.mx\/#website"},"primaryImageOfPage":{"@id":"https:\/\/elhijodelllanero.mx\/index.php\/2025\/02\/10\/record-de-asistencia-en-teatro-del-pueblo-de-la-feria-de-la-candelaria\/#primaryimage"},"image":{"@id":"https:\/\/elhijodelllanero.mx\/index.php\/2025\/02\/10\/record-de-asistencia-en-teatro-del-pueblo-de-la-feria-de-la-candelaria\/#primaryimage"},"thumbnailUrl":"https:\/\/elhijodelllanero.mx\/wp-content\/uploads\/2025\/02\/Collage_20250210_172932-300x300.jpg","datePublished":"2025-02-10T23:30:18+00:00","author":{"@id":"https:\/\/elhijodelllanero.mx\/#\/schema\/person\/c7f8c86c55c1eab44ae2b93a9628245f"},"breadcrumb":{"@id":"https:\/\/elhijodelllanero.mx\/index.php\/2025\/02\/10\/record-de-asistencia-en-teatro-del-pueblo-de-la-feria-de-la-candelaria\/#breadcrumb"},"inLanguage":"es","potentialAction":[{"@type":"ReadAction","target":["https:\/\/elhijodelllanero.mx\/index.php\/2025\/02\/10\/record-de-asistencia-en-teatro-del-pueblo-de-la-feria-de-la-candelaria\/"]}]},{"@type":"ImageObject","inLanguage":"es","@id":"https:\/\/elhijodelllanero.mx\/index.php\/2025\/02\/10\/record-de-asistencia-en-teatro-del-pueblo-de-la-feria-de-la-candelaria\/#primaryimage","url":"https:\/\/i0.wp.com\/elhijodelllanero.mx\/wp-content\/uploads\/2025\/02\/Collage_20250210_172932.jpg?fit=2160%2C2160&ssl=1","contentUrl":"https:\/\/i0.wp.com\/elhijodelllanero.mx\/wp-content\/uploads\/2025\/02\/Collage_20250210_172932.jpg?fit=2160%2C2160&ssl=1","width":2160,"height":2160},{"@type":"BreadcrumbList","@id":"https:\/\/elhijodelllanero.mx\/index.php\/2025\/02\/10\/record-de-asistencia-en-teatro-del-pueblo-de-la-feria-de-la-candelaria\/#breadcrumb","itemListElement":[{"@type":"ListItem","position":1,"name":"Portada","item":"https:\/\/elhijodelllanero.mx\/"},{"@type":"ListItem","position":2,"name":"R\u00c9CORD DE ASISTENCIA EN TEATRO DEL PUEBLO DE LA FERIA DE LA CANDELARIA"}]},{"@type":"WebSite","@id":"https:\/\/elhijodelllanero.mx\/#website","url":"https:\/\/elhijodelllanero.mx\/","name":"El Hijo del llanero solititito","description":"","potentialAction":[{"@type":"SearchAction","target":{"@type":"EntryPoint","urlTemplate":"https:\/\/elhijodelllanero.mx\/?s={search_term_string}"},"query-input":{"@type":"PropertyValueSpecification","valueRequired":true,"valueName":"search_term_string"}}],"inLanguage":"es"},{"@type":"Person","@id":"https:\/\/elhijodelllanero.mx\/#\/schema\/person\/c7f8c86c55c1eab44ae2b93a9628245f","name":"Mar\u00eda de la Paz Rodarte Ram\u00edrez","image":{"@type":"ImageObject","inLanguage":"es","@id":"https:\/\/secure.gravatar.com\/avatar\/1f38f8518b09a266af73da2bce78d69e7d1275299970134ed62f572e0487e1d0?s=96&d=mm&r=g","url":"https:\/\/secure.gravatar.com\/avatar\/1f38f8518b09a266af73da2bce78d69e7d1275299970134ed62f572e0487e1d0?s=96&d=mm&r=g","contentUrl":"https:\/\/secure.gravatar.com\/avatar\/1f38f8518b09a266af73da2bce78d69e7d1275299970134ed62f572e0487e1d0?s=96&d=mm&r=g","caption":"Mar\u00eda de la Paz Rodarte Ram\u00edrez"},"sameAs":["https:\/\/www.elhijodelllanero.mx"],"url":"https:\/\/elhijodelllanero.mx\/index.php\/author\/maricuas\/"}]}},"jetpack_featured_media_url":"","jetpack-related-posts":[],"jetpack_sharing_enabled":true,"_links":{"self":[{"href":"https:\/\/elhijodelllanero.mx\/index.php\/wp-json\/wp\/v2\/posts\/9331","targetHints":{"allow":["GET"]}}],"collection":[{"href":"https:\/\/elhijodelllanero.mx\/index.php\/wp-json\/wp\/v2\/posts"}],"about":[{"href":"https:\/\/elhijodelllanero.mx\/index.php\/wp-json\/wp\/v2\/types\/post"}],"author":[{"embeddable":true,"href":"https:\/\/elhijodelllanero.mx\/index.php\/wp-json\/wp\/v2\/users\/3"}],"replies":[{"embeddable":true,"href":"https:\/\/elhijodelllanero.mx\/index.php\/wp-json\/wp\/v2\/comments?post=9331"}],"version-history":[{"count":1,"href":"https:\/\/elhijodelllanero.mx\/index.php\/wp-json\/wp\/v2\/posts\/9331\/revisions"}],"predecessor-version":[{"id":9333,"href":"https:\/\/elhijodelllanero.mx\/index.php\/wp-json\/wp\/v2\/posts\/9331\/revisions\/9333"}],"wp:attachment":[{"href":"https:\/\/elhijodelllanero.mx\/index.php\/wp-json\/wp\/v2\/media?parent=9331"}],"wp:term":[{"taxonomy":"category","embeddable":true,"href":"https:\/\/elhijodelllanero.mx\/index.php\/wp-json\/wp\/v2\/categories?post=9331"},{"taxonomy":"post_tag","embeddable":true,"href":"https:\/\/elhijodelllanero.mx\/index.php\/wp-json\/wp\/v2\/tags?post=9331"}],"curies":[{"name":"wp","href":"https:\/\/api.w.org\/{rel}","templated":true}]}}