{"id":9376,"date":"2025-02-14T19:16:07","date_gmt":"2025-02-14T19:16:07","guid":{"rendered":"https:\/\/elhijodelllanero.mx\/?p=9376"},"modified":"2025-02-14T19:16:07","modified_gmt":"2025-02-14T19:16:07","slug":"pese-a-los-recientes-hechos-de-violencia-los-indices-delictivos-de-alto-impacto-continuan-a-la-baja-ramirez-sanchez","status":"publish","type":"post","link":"https:\/\/elhijodelllanero.mx\/index.php\/2025\/02\/14\/pese-a-los-recientes-hechos-de-violencia-los-indices-delictivos-de-alto-impacto-continuan-a-la-baja-ramirez-sanchez\/","title":{"rendered":"PESE A LOS RECIENTES HECHOS DE VIOLENCIA, LOS INDICES DELICTIVOS DE ALTO IMPACTO CONTIN\u00daAN A LA BAJA: RAM\u00cdREZ S\u00e1nchez."},"content":{"rendered":"<p><img data-recalc-dims=\"1\" loading=\"lazy\" decoding=\"async\" class=\"alignnone size-medium wp-image-9377\" src=\"https:\/\/i0.wp.com\/elhijodelllanero.mx\/wp-content\/uploads\/2025\/02\/IMG-20250214-WA0031.jpg?resize=300%2C200&#038;ssl=1\" alt=\"\" width=\"300\" height=\"200\" srcset=\"https:\/\/i0.wp.com\/elhijodelllanero.mx\/wp-content\/uploads\/2025\/02\/IMG-20250214-WA0031.jpg?resize=300%2C200&amp;ssl=1 300w, https:\/\/i0.wp.com\/elhijodelllanero.mx\/wp-content\/uploads\/2025\/02\/IMG-20250214-WA0031.jpg?resize=1024%2C684&amp;ssl=1 1024w, https:\/\/i0.wp.com\/elhijodelllanero.mx\/wp-content\/uploads\/2025\/02\/IMG-20250214-WA0031.jpg?resize=768%2C513&amp;ssl=1 768w, https:\/\/i0.wp.com\/elhijodelllanero.mx\/wp-content\/uploads\/2025\/02\/IMG-20250214-WA0031.jpg?resize=629%2C420&amp;ssl=1 629w, https:\/\/i0.wp.com\/elhijodelllanero.mx\/wp-content\/uploads\/2025\/02\/IMG-20250214-WA0031.jpg?resize=696%2C465&amp;ssl=1 696w, https:\/\/i0.wp.com\/elhijodelllanero.mx\/wp-content\/uploads\/2025\/02\/IMG-20250214-WA0031.jpg?resize=1068%2C713&amp;ssl=1 1068w, https:\/\/i0.wp.com\/elhijodelllanero.mx\/wp-content\/uploads\/2025\/02\/IMG-20250214-WA0031.jpg?w=1280&amp;ssl=1 1280w\" sizes=\"auto, (max-width: 300px) 100vw, 300px\" \/><\/p>\n<p>Celaya,Gto. 14 de febrero de 2025.- Ante los recientes hechos de violencia que se han registrado en el municipio, el presidente municipal, Juan Miguel Ram\u00edrez S\u00e1nchez, indic\u00f3 que \u00abhoy, a pesar de las muertes que tenemos somos el \u00fanico municipio de Guanajuato que en t\u00e9rminos generales ha ido a la baja, los dem\u00e1s en estos \u00faltimos 15 d\u00edas, incluidos nosotros subimos, hubo una serie de subida estatal en la que nos incluyen, pero a pesar de eso nosotros tenemos indices m\u00e1s abajo&#8230;en cuatro meses nosotros vamos a la baja\u00bb.<br \/>\nEn rueda de prensa y conforme al eje de paz y justicia el alcalde se\u00f1al\u00f3 que pese a lo sucedido con su ex jefe de seguridad no tendr\u00e1 m\u00e1s guardia personal, adem\u00e1s de que se seguir\u00e1 trabajando por la paz, seguridad y bienestar de los celayenses.<br \/>\nReafirmando que as\u00ed como lo indico la presidenta de la Rep\u00fablica, Claudia Sheinbaum, Celaya sigue siendo una ciudad prioritaria por lo que se reforz\u00f3 con mayor n\u00famero de elementos.<br \/>\nTambi\u00e9n exhort\u00f3 a la ciudadan\u00eda a que sigan confiando en su gobierno, que contin\u00faen con sus actividades, adem\u00e1s de invitar a los celayenses a contribuir con la autoridad, \u00abbrindando informaci\u00f3n relevante para actuar y en esa medida disminuir los problemas\u00bb, indic\u00f3.<br \/>\nPara concluir, reiter\u00f3 a la ciudadan\u00eda que conf\u00eden en su gobierno, argumentabdo que ya cuentan con una serie de actividades que van a implementar en pr\u00f3ximas semanas, como la venta de leche para los ni\u00f1os, s\u00faper bienestar, bacheos, limpiando calles, series de actividades que contribuyen en el bienestar de la ciudadan\u00eda.<\/p>\n","protected":false},"excerpt":{"rendered":"<p>Celaya,Gto. 14 de febrero de 2025.- Ante los recientes hechos de violencia que se han registrado en el municipio, el presidente municipal, Juan Miguel Ram\u00edrez S\u00e1nchez, indic\u00f3 que \u00abhoy, a pesar de las muertes que tenemos somos el \u00fanico municipio de Guanajuato que en t\u00e9rminos generales ha ido a la baja, los dem\u00e1s en estos [&hellip;]<\/p>\n","protected":false},"author":3,"featured_media":0,"comment_status":"open","ping_status":"closed","sticky":false,"template":"","format":"standard","meta":{"_jetpack_newsletter_access":"","_jetpack_dont_email_post_to_subs":false,"_jetpack_newsletter_tier_id":0,"_jetpack_memberships_contains_paywalled_content":false,"_jetpack_memberships_contains_paid_content":false,"footnotes":""},"categories":[74],"tags":[],"class_list":{"0":"post-9376","1":"post","2":"type-post","3":"status-publish","4":"format-standard","6":"category-celaya"},"yoast_head":"<!-- This site is optimized with the Yoast SEO plugin v27.3 - https:\/\/yoast.com\/product\/yoast-seo-wordpress\/ -->\n<title>PESE A LOS RECIENTES HECHOS DE VIOLENCIA, LOS INDICES DELICTIVOS DE ALTO IMPACTO CONTIN\u00daAN A LA BAJA: RAM\u00cdREZ S\u00e1nchez. - El Hijo del llanero solititito<\/title>\n<meta name=\"robots\" content=\"index, follow, max-snippet:-1, max-image-preview:large, max-video-preview:-1\" \/>\n<link rel=\"canonical\" href=\"https:\/\/elhijodelllanero.mx\/index.php\/2025\/02\/14\/pese-a-los-recientes-hechos-de-violencia-los-indices-delictivos-de-alto-impacto-continuan-a-la-baja-ramirez-sanchez\/\" \/>\n<meta property=\"og:locale\" content=\"es_ES\" \/>\n<meta property=\"og:type\" content=\"article\" \/>\n<meta property=\"og:title\" content=\"PESE A LOS RECIENTES HECHOS DE VIOLENCIA, LOS INDICES DELICTIVOS DE ALTO IMPACTO CONTIN\u00daAN A LA BAJA: RAM\u00cdREZ S\u00e1nchez. - El Hijo del llanero solititito\" \/>\n<meta property=\"og:description\" content=\"Celaya,Gto. 14 de febrero de 2025.- Ante los recientes hechos de violencia que se han registrado en el municipio, el presidente municipal, Juan Miguel Ram\u00edrez S\u00e1nchez, indic\u00f3 que \u00abhoy, a pesar de las muertes que tenemos somos el \u00fanico municipio de Guanajuato que en t\u00e9rminos generales ha ido a la baja, los dem\u00e1s en estos [&hellip;]\" \/>\n<meta property=\"og:url\" content=\"https:\/\/elhijodelllanero.mx\/index.php\/2025\/02\/14\/pese-a-los-recientes-hechos-de-violencia-los-indices-delictivos-de-alto-impacto-continuan-a-la-baja-ramirez-sanchez\/\" \/>\n<meta property=\"og:site_name\" content=\"El Hijo del llanero solititito\" \/>\n<meta property=\"article:published_time\" content=\"2025-02-14T19:16:07+00:00\" \/>\n<meta property=\"og:image\" content=\"https:\/\/elhijodelllanero.mx\/wp-content\/uploads\/2025\/02\/IMG-20250214-WA0031-300x200.jpg\" \/>\n<meta name=\"author\" content=\"Mar\u00eda de la Paz Rodarte Ram\u00edrez\" \/>\n<meta name=\"twitter:card\" content=\"summary_large_image\" \/>\n<meta name=\"twitter:label1\" content=\"Escrito por\" \/>\n\t<meta name=\"twitter:data1\" content=\"Mar\u00eda de la Paz Rodarte Ram\u00edrez\" \/>\n\t<meta name=\"twitter:label2\" content=\"Tiempo de lectura\" \/>\n\t<meta name=\"twitter:data2\" content=\"2 minutos\" \/>\n<script type=\"application\/ld+json\" class=\"yoast-schema-graph\">{\"@context\":\"https:\\\/\\\/schema.org\",\"@graph\":[{\"@type\":\"Article\",\"@id\":\"https:\\\/\\\/elhijodelllanero.mx\\\/index.php\\\/2025\\\/02\\\/14\\\/pese-a-los-recientes-hechos-de-violencia-los-indices-delictivos-de-alto-impacto-continuan-a-la-baja-ramirez-sanchez\\\/#article\",\"isPartOf\":{\"@id\":\"https:\\\/\\\/elhijodelllanero.mx\\\/index.php\\\/2025\\\/02\\\/14\\\/pese-a-los-recientes-hechos-de-violencia-los-indices-delictivos-de-alto-impacto-continuan-a-la-baja-ramirez-sanchez\\\/\"},\"author\":{\"name\":\"Mar\u00eda de la Paz Rodarte Ram\u00edrez\",\"@id\":\"https:\\\/\\\/elhijodelllanero.mx\\\/#\\\/schema\\\/person\\\/c7f8c86c55c1eab44ae2b93a9628245f\"},\"headline\":\"PESE A LOS RECIENTES HECHOS DE VIOLENCIA, LOS INDICES DELICTIVOS DE ALTO IMPACTO CONTIN\u00daAN A LA BAJA: RAM\u00cdREZ S\u00e1nchez.\",\"datePublished\":\"2025-02-14T19:16:07+00:00\",\"mainEntityOfPage\":{\"@id\":\"https:\\\/\\\/elhijodelllanero.mx\\\/index.php\\\/2025\\\/02\\\/14\\\/pese-a-los-recientes-hechos-de-violencia-los-indices-delictivos-de-alto-impacto-continuan-a-la-baja-ramirez-sanchez\\\/\"},\"wordCount\":300,\"commentCount\":0,\"image\":{\"@id\":\"https:\\\/\\\/elhijodelllanero.mx\\\/index.php\\\/2025\\\/02\\\/14\\\/pese-a-los-recientes-hechos-de-violencia-los-indices-delictivos-de-alto-impacto-continuan-a-la-baja-ramirez-sanchez\\\/#primaryimage\"},\"thumbnailUrl\":\"https:\\\/\\\/elhijodelllanero.mx\\\/wp-content\\\/uploads\\\/2025\\\/02\\\/IMG-20250214-WA0031-300x200.jpg\",\"articleSection\":[\"CELAYA\"],\"inLanguage\":\"es\",\"potentialAction\":[{\"@type\":\"CommentAction\",\"name\":\"Comment\",\"target\":[\"https:\\\/\\\/elhijodelllanero.mx\\\/index.php\\\/2025\\\/02\\\/14\\\/pese-a-los-recientes-hechos-de-violencia-los-indices-delictivos-de-alto-impacto-continuan-a-la-baja-ramirez-sanchez\\\/#respond\"]}]},{\"@type\":\"WebPage\",\"@id\":\"https:\\\/\\\/elhijodelllanero.mx\\\/index.php\\\/2025\\\/02\\\/14\\\/pese-a-los-recientes-hechos-de-violencia-los-indices-delictivos-de-alto-impacto-continuan-a-la-baja-ramirez-sanchez\\\/\",\"url\":\"https:\\\/\\\/elhijodelllanero.mx\\\/index.php\\\/2025\\\/02\\\/14\\\/pese-a-los-recientes-hechos-de-violencia-los-indices-delictivos-de-alto-impacto-continuan-a-la-baja-ramirez-sanchez\\\/\",\"name\":\"PESE A LOS RECIENTES HECHOS DE VIOLENCIA, LOS INDICES DELICTIVOS DE ALTO IMPACTO CONTIN\u00daAN A LA BAJA: RAM\u00cdREZ S\u00e1nchez. - El Hijo del llanero solititito\",\"isPartOf\":{\"@id\":\"https:\\\/\\\/elhijodelllanero.mx\\\/#website\"},\"primaryImageOfPage\":{\"@id\":\"https:\\\/\\\/elhijodelllanero.mx\\\/index.php\\\/2025\\\/02\\\/14\\\/pese-a-los-recientes-hechos-de-violencia-los-indices-delictivos-de-alto-impacto-continuan-a-la-baja-ramirez-sanchez\\\/#primaryimage\"},\"image\":{\"@id\":\"https:\\\/\\\/elhijodelllanero.mx\\\/index.php\\\/2025\\\/02\\\/14\\\/pese-a-los-recientes-hechos-de-violencia-los-indices-delictivos-de-alto-impacto-continuan-a-la-baja-ramirez-sanchez\\\/#primaryimage\"},\"thumbnailUrl\":\"https:\\\/\\\/elhijodelllanero.mx\\\/wp-content\\\/uploads\\\/2025\\\/02\\\/IMG-20250214-WA0031-300x200.jpg\",\"datePublished\":\"2025-02-14T19:16:07+00:00\",\"author\":{\"@id\":\"https:\\\/\\\/elhijodelllanero.mx\\\/#\\\/schema\\\/person\\\/c7f8c86c55c1eab44ae2b93a9628245f\"},\"breadcrumb\":{\"@id\":\"https:\\\/\\\/elhijodelllanero.mx\\\/index.php\\\/2025\\\/02\\\/14\\\/pese-a-los-recientes-hechos-de-violencia-los-indices-delictivos-de-alto-impacto-continuan-a-la-baja-ramirez-sanchez\\\/#breadcrumb\"},\"inLanguage\":\"es\",\"potentialAction\":[{\"@type\":\"ReadAction\",\"target\":[\"https:\\\/\\\/elhijodelllanero.mx\\\/index.php\\\/2025\\\/02\\\/14\\\/pese-a-los-recientes-hechos-de-violencia-los-indices-delictivos-de-alto-impacto-continuan-a-la-baja-ramirez-sanchez\\\/\"]}]},{\"@type\":\"ImageObject\",\"inLanguage\":\"es\",\"@id\":\"https:\\\/\\\/elhijodelllanero.mx\\\/index.php\\\/2025\\\/02\\\/14\\\/pese-a-los-recientes-hechos-de-violencia-los-indices-delictivos-de-alto-impacto-continuan-a-la-baja-ramirez-sanchez\\\/#primaryimage\",\"url\":\"https:\\\/\\\/i0.wp.com\\\/elhijodelllanero.mx\\\/wp-content\\\/uploads\\\/2025\\\/02\\\/IMG-20250214-WA0031.jpg?fit=1280%2C855&ssl=1\",\"contentUrl\":\"https:\\\/\\\/i0.wp.com\\\/elhijodelllanero.mx\\\/wp-content\\\/uploads\\\/2025\\\/02\\\/IMG-20250214-WA0031.jpg?fit=1280%2C855&ssl=1\",\"width\":1280,\"height\":855},{\"@type\":\"BreadcrumbList\",\"@id\":\"https:\\\/\\\/elhijodelllanero.mx\\\/index.php\\\/2025\\\/02\\\/14\\\/pese-a-los-recientes-hechos-de-violencia-los-indices-delictivos-de-alto-impacto-continuan-a-la-baja-ramirez-sanchez\\\/#breadcrumb\",\"itemListElement\":[{\"@type\":\"ListItem\",\"position\":1,\"name\":\"Portada\",\"item\":\"https:\\\/\\\/elhijodelllanero.mx\\\/\"},{\"@type\":\"ListItem\",\"position\":2,\"name\":\"PESE A LOS RECIENTES HECHOS DE VIOLENCIA, LOS INDICES DELICTIVOS DE ALTO IMPACTO CONTIN\u00daAN A LA BAJA: RAM\u00cdREZ S\u00e1nchez.\"}]},{\"@type\":\"WebSite\",\"@id\":\"https:\\\/\\\/elhijodelllanero.mx\\\/#website\",\"url\":\"https:\\\/\\\/elhijodelllanero.mx\\\/\",\"name\":\"El Hijo del llanero solititito\",\"description\":\"\",\"potentialAction\":[{\"@type\":\"SearchAction\",\"target\":{\"@type\":\"EntryPoint\",\"urlTemplate\":\"https:\\\/\\\/elhijodelllanero.mx\\\/?s={search_term_string}\"},\"query-input\":{\"@type\":\"PropertyValueSpecification\",\"valueRequired\":true,\"valueName\":\"search_term_string\"}}],\"inLanguage\":\"es\"},{\"@type\":\"Person\",\"@id\":\"https:\\\/\\\/elhijodelllanero.mx\\\/#\\\/schema\\\/person\\\/c7f8c86c55c1eab44ae2b93a9628245f\",\"name\":\"Mar\u00eda de la Paz Rodarte Ram\u00edrez\",\"image\":{\"@type\":\"ImageObject\",\"inLanguage\":\"es\",\"@id\":\"https:\\\/\\\/secure.gravatar.com\\\/avatar\\\/1f38f8518b09a266af73da2bce78d69e7d1275299970134ed62f572e0487e1d0?s=96&d=mm&r=g\",\"url\":\"https:\\\/\\\/secure.gravatar.com\\\/avatar\\\/1f38f8518b09a266af73da2bce78d69e7d1275299970134ed62f572e0487e1d0?s=96&d=mm&r=g\",\"contentUrl\":\"https:\\\/\\\/secure.gravatar.com\\\/avatar\\\/1f38f8518b09a266af73da2bce78d69e7d1275299970134ed62f572e0487e1d0?s=96&d=mm&r=g\",\"caption\":\"Mar\u00eda de la Paz Rodarte Ram\u00edrez\"},\"sameAs\":[\"https:\\\/\\\/www.elhijodelllanero.mx\"],\"url\":\"https:\\\/\\\/elhijodelllanero.mx\\\/index.php\\\/author\\\/maricuas\\\/\"}]}<\/script>\n<!-- \/ Yoast SEO plugin. -->","yoast_head_json":{"title":"PESE A LOS RECIENTES HECHOS DE VIOLENCIA, LOS INDICES DELICTIVOS DE ALTO IMPACTO CONTIN\u00daAN A LA BAJA: RAM\u00cdREZ S\u00e1nchez. - El Hijo del llanero solititito","robots":{"index":"index","follow":"follow","max-snippet":"max-snippet:-1","max-image-preview":"max-image-preview:large","max-video-preview":"max-video-preview:-1"},"canonical":"https:\/\/elhijodelllanero.mx\/index.php\/2025\/02\/14\/pese-a-los-recientes-hechos-de-violencia-los-indices-delictivos-de-alto-impacto-continuan-a-la-baja-ramirez-sanchez\/","og_locale":"es_ES","og_type":"article","og_title":"PESE A LOS RECIENTES HECHOS DE VIOLENCIA, LOS INDICES DELICTIVOS DE ALTO IMPACTO CONTIN\u00daAN A LA BAJA: RAM\u00cdREZ S\u00e1nchez. - El Hijo del llanero solititito","og_description":"Celaya,Gto. 14 de febrero de 2025.- Ante los recientes hechos de violencia que se han registrado en el municipio, el presidente municipal, Juan Miguel Ram\u00edrez S\u00e1nchez, indic\u00f3 que \u00abhoy, a pesar de las muertes que tenemos somos el \u00fanico municipio de Guanajuato que en t\u00e9rminos generales ha ido a la baja, los dem\u00e1s en estos [&hellip;]","og_url":"https:\/\/elhijodelllanero.mx\/index.php\/2025\/02\/14\/pese-a-los-recientes-hechos-de-violencia-los-indices-delictivos-de-alto-impacto-continuan-a-la-baja-ramirez-sanchez\/","og_site_name":"El Hijo del llanero solititito","article_published_time":"2025-02-14T19:16:07+00:00","og_image":[{"url":"https:\/\/elhijodelllanero.mx\/wp-content\/uploads\/2025\/02\/IMG-20250214-WA0031-300x200.jpg","type":"","width":"","height":""}],"author":"Mar\u00eda de la Paz Rodarte Ram\u00edrez","twitter_card":"summary_large_image","twitter_misc":{"Escrito por":"Mar\u00eda de la Paz Rodarte Ram\u00edrez","Tiempo de lectura":"2 minutos"},"schema":{"@context":"https:\/\/schema.org","@graph":[{"@type":"Article","@id":"https:\/\/elhijodelllanero.mx\/index.php\/2025\/02\/14\/pese-a-los-recientes-hechos-de-violencia-los-indices-delictivos-de-alto-impacto-continuan-a-la-baja-ramirez-sanchez\/#article","isPartOf":{"@id":"https:\/\/elhijodelllanero.mx\/index.php\/2025\/02\/14\/pese-a-los-recientes-hechos-de-violencia-los-indices-delictivos-de-alto-impacto-continuan-a-la-baja-ramirez-sanchez\/"},"author":{"name":"Mar\u00eda de la Paz Rodarte Ram\u00edrez","@id":"https:\/\/elhijodelllanero.mx\/#\/schema\/person\/c7f8c86c55c1eab44ae2b93a9628245f"},"headline":"PESE A LOS RECIENTES HECHOS DE VIOLENCIA, LOS INDICES DELICTIVOS DE ALTO IMPACTO CONTIN\u00daAN A LA BAJA: RAM\u00cdREZ S\u00e1nchez.","datePublished":"2025-02-14T19:16:07+00:00","mainEntityOfPage":{"@id":"https:\/\/elhijodelllanero.mx\/index.php\/2025\/02\/14\/pese-a-los-recientes-hechos-de-violencia-los-indices-delictivos-de-alto-impacto-continuan-a-la-baja-ramirez-sanchez\/"},"wordCount":300,"commentCount":0,"image":{"@id":"https:\/\/elhijodelllanero.mx\/index.php\/2025\/02\/14\/pese-a-los-recientes-hechos-de-violencia-los-indices-delictivos-de-alto-impacto-continuan-a-la-baja-ramirez-sanchez\/#primaryimage"},"thumbnailUrl":"https:\/\/elhijodelllanero.mx\/wp-content\/uploads\/2025\/02\/IMG-20250214-WA0031-300x200.jpg","articleSection":["CELAYA"],"inLanguage":"es","potentialAction":[{"@type":"CommentAction","name":"Comment","target":["https:\/\/elhijodelllanero.mx\/index.php\/2025\/02\/14\/pese-a-los-recientes-hechos-de-violencia-los-indices-delictivos-de-alto-impacto-continuan-a-la-baja-ramirez-sanchez\/#respond"]}]},{"@type":"WebPage","@id":"https:\/\/elhijodelllanero.mx\/index.php\/2025\/02\/14\/pese-a-los-recientes-hechos-de-violencia-los-indices-delictivos-de-alto-impacto-continuan-a-la-baja-ramirez-sanchez\/","url":"https:\/\/elhijodelllanero.mx\/index.php\/2025\/02\/14\/pese-a-los-recientes-hechos-de-violencia-los-indices-delictivos-de-alto-impacto-continuan-a-la-baja-ramirez-sanchez\/","name":"PESE A LOS RECIENTES HECHOS DE VIOLENCIA, LOS INDICES DELICTIVOS DE ALTO IMPACTO CONTIN\u00daAN A LA BAJA: RAM\u00cdREZ S\u00e1nchez. - El Hijo del llanero solititito","isPartOf":{"@id":"https:\/\/elhijodelllanero.mx\/#website"},"primaryImageOfPage":{"@id":"https:\/\/elhijodelllanero.mx\/index.php\/2025\/02\/14\/pese-a-los-recientes-hechos-de-violencia-los-indices-delictivos-de-alto-impacto-continuan-a-la-baja-ramirez-sanchez\/#primaryimage"},"image":{"@id":"https:\/\/elhijodelllanero.mx\/index.php\/2025\/02\/14\/pese-a-los-recientes-hechos-de-violencia-los-indices-delictivos-de-alto-impacto-continuan-a-la-baja-ramirez-sanchez\/#primaryimage"},"thumbnailUrl":"https:\/\/elhijodelllanero.mx\/wp-content\/uploads\/2025\/02\/IMG-20250214-WA0031-300x200.jpg","datePublished":"2025-02-14T19:16:07+00:00","author":{"@id":"https:\/\/elhijodelllanero.mx\/#\/schema\/person\/c7f8c86c55c1eab44ae2b93a9628245f"},"breadcrumb":{"@id":"https:\/\/elhijodelllanero.mx\/index.php\/2025\/02\/14\/pese-a-los-recientes-hechos-de-violencia-los-indices-delictivos-de-alto-impacto-continuan-a-la-baja-ramirez-sanchez\/#breadcrumb"},"inLanguage":"es","potentialAction":[{"@type":"ReadAction","target":["https:\/\/elhijodelllanero.mx\/index.php\/2025\/02\/14\/pese-a-los-recientes-hechos-de-violencia-los-indices-delictivos-de-alto-impacto-continuan-a-la-baja-ramirez-sanchez\/"]}]},{"@type":"ImageObject","inLanguage":"es","@id":"https:\/\/elhijodelllanero.mx\/index.php\/2025\/02\/14\/pese-a-los-recientes-hechos-de-violencia-los-indices-delictivos-de-alto-impacto-continuan-a-la-baja-ramirez-sanchez\/#primaryimage","url":"https:\/\/i0.wp.com\/elhijodelllanero.mx\/wp-content\/uploads\/2025\/02\/IMG-20250214-WA0031.jpg?fit=1280%2C855&ssl=1","contentUrl":"https:\/\/i0.wp.com\/elhijodelllanero.mx\/wp-content\/uploads\/2025\/02\/IMG-20250214-WA0031.jpg?fit=1280%2C855&ssl=1","width":1280,"height":855},{"@type":"BreadcrumbList","@id":"https:\/\/elhijodelllanero.mx\/index.php\/2025\/02\/14\/pese-a-los-recientes-hechos-de-violencia-los-indices-delictivos-de-alto-impacto-continuan-a-la-baja-ramirez-sanchez\/#breadcrumb","itemListElement":[{"@type":"ListItem","position":1,"name":"Portada","item":"https:\/\/elhijodelllanero.mx\/"},{"@type":"ListItem","position":2,"name":"PESE A LOS RECIENTES HECHOS DE VIOLENCIA, LOS INDICES DELICTIVOS DE ALTO IMPACTO CONTIN\u00daAN A LA BAJA: RAM\u00cdREZ S\u00e1nchez."}]},{"@type":"WebSite","@id":"https:\/\/elhijodelllanero.mx\/#website","url":"https:\/\/elhijodelllanero.mx\/","name":"El Hijo del llanero solititito","description":"","potentialAction":[{"@type":"SearchAction","target":{"@type":"EntryPoint","urlTemplate":"https:\/\/elhijodelllanero.mx\/?s={search_term_string}"},"query-input":{"@type":"PropertyValueSpecification","valueRequired":true,"valueName":"search_term_string"}}],"inLanguage":"es"},{"@type":"Person","@id":"https:\/\/elhijodelllanero.mx\/#\/schema\/person\/c7f8c86c55c1eab44ae2b93a9628245f","name":"Mar\u00eda de la Paz Rodarte Ram\u00edrez","image":{"@type":"ImageObject","inLanguage":"es","@id":"https:\/\/secure.gravatar.com\/avatar\/1f38f8518b09a266af73da2bce78d69e7d1275299970134ed62f572e0487e1d0?s=96&d=mm&r=g","url":"https:\/\/secure.gravatar.com\/avatar\/1f38f8518b09a266af73da2bce78d69e7d1275299970134ed62f572e0487e1d0?s=96&d=mm&r=g","contentUrl":"https:\/\/secure.gravatar.com\/avatar\/1f38f8518b09a266af73da2bce78d69e7d1275299970134ed62f572e0487e1d0?s=96&d=mm&r=g","caption":"Mar\u00eda de la Paz Rodarte Ram\u00edrez"},"sameAs":["https:\/\/www.elhijodelllanero.mx"],"url":"https:\/\/elhijodelllanero.mx\/index.php\/author\/maricuas\/"}]}},"jetpack_featured_media_url":"","jetpack-related-posts":[],"jetpack_sharing_enabled":true,"_links":{"self":[{"href":"https:\/\/elhijodelllanero.mx\/index.php\/wp-json\/wp\/v2\/posts\/9376","targetHints":{"allow":["GET"]}}],"collection":[{"href":"https:\/\/elhijodelllanero.mx\/index.php\/wp-json\/wp\/v2\/posts"}],"about":[{"href":"https:\/\/elhijodelllanero.mx\/index.php\/wp-json\/wp\/v2\/types\/post"}],"author":[{"embeddable":true,"href":"https:\/\/elhijodelllanero.mx\/index.php\/wp-json\/wp\/v2\/users\/3"}],"replies":[{"embeddable":true,"href":"https:\/\/elhijodelllanero.mx\/index.php\/wp-json\/wp\/v2\/comments?post=9376"}],"version-history":[{"count":1,"href":"https:\/\/elhijodelllanero.mx\/index.php\/wp-json\/wp\/v2\/posts\/9376\/revisions"}],"predecessor-version":[{"id":9378,"href":"https:\/\/elhijodelllanero.mx\/index.php\/wp-json\/wp\/v2\/posts\/9376\/revisions\/9378"}],"wp:attachment":[{"href":"https:\/\/elhijodelllanero.mx\/index.php\/wp-json\/wp\/v2\/media?parent=9376"}],"wp:term":[{"taxonomy":"category","embeddable":true,"href":"https:\/\/elhijodelllanero.mx\/index.php\/wp-json\/wp\/v2\/categories?post=9376"},{"taxonomy":"post_tag","embeddable":true,"href":"https:\/\/elhijodelllanero.mx\/index.php\/wp-json\/wp\/v2\/tags?post=9376"}],"curies":[{"name":"wp","href":"https:\/\/api.w.org\/{rel}","templated":true}]}}