{"id":9382,"date":"2025-02-14T19:29:31","date_gmt":"2025-02-14T19:29:31","guid":{"rendered":"https:\/\/elhijodelllanero.mx\/?p=9382"},"modified":"2025-02-14T19:29:31","modified_gmt":"2025-02-14T19:29:31","slug":"estupenda-participacion-en-eventos-deportivos-de-la-feria-de-la-candelaria-en-salvatierra","status":"publish","type":"post","link":"https:\/\/elhijodelllanero.mx\/index.php\/2025\/02\/14\/estupenda-participacion-en-eventos-deportivos-de-la-feria-de-la-candelaria-en-salvatierra\/","title":{"rendered":"ESTUPENDA PARTICIPACI\u00d3N EN EVENTOS DEPORTIVOS DE LA FERIA DE LA CANDELARIA\u00a0 EN SALVATIERRA."},"content":{"rendered":"<p><img data-recalc-dims=\"1\" loading=\"lazy\" decoding=\"async\" class=\"alignnone size-medium wp-image-9383\" src=\"https:\/\/i0.wp.com\/elhijodelllanero.mx\/wp-content\/uploads\/2025\/02\/Collage_20250214_132841.jpg?resize=300%2C225&#038;ssl=1\" alt=\"\" width=\"300\" height=\"225\" srcset=\"https:\/\/i0.wp.com\/elhijodelllanero.mx\/wp-content\/uploads\/2025\/02\/Collage_20250214_132841.jpg?resize=300%2C225&amp;ssl=1 300w, https:\/\/i0.wp.com\/elhijodelllanero.mx\/wp-content\/uploads\/2025\/02\/Collage_20250214_132841.jpg?resize=1024%2C768&amp;ssl=1 1024w, https:\/\/i0.wp.com\/elhijodelllanero.mx\/wp-content\/uploads\/2025\/02\/Collage_20250214_132841.jpg?resize=768%2C576&amp;ssl=1 768w, https:\/\/i0.wp.com\/elhijodelllanero.mx\/wp-content\/uploads\/2025\/02\/Collage_20250214_132841.jpg?resize=1536%2C1152&amp;ssl=1 1536w, https:\/\/i0.wp.com\/elhijodelllanero.mx\/wp-content\/uploads\/2025\/02\/Collage_20250214_132841.jpg?resize=2048%2C1536&amp;ssl=1 2048w, https:\/\/i0.wp.com\/elhijodelllanero.mx\/wp-content\/uploads\/2025\/02\/Collage_20250214_132841.jpg?resize=560%2C420&amp;ssl=1 560w, https:\/\/i0.wp.com\/elhijodelllanero.mx\/wp-content\/uploads\/2025\/02\/Collage_20250214_132841.jpg?resize=80%2C60&amp;ssl=1 80w, https:\/\/i0.wp.com\/elhijodelllanero.mx\/wp-content\/uploads\/2025\/02\/Collage_20250214_132841.jpg?resize=696%2C522&amp;ssl=1 696w, https:\/\/i0.wp.com\/elhijodelllanero.mx\/wp-content\/uploads\/2025\/02\/Collage_20250214_132841.jpg?resize=1068%2C801&amp;ssl=1 1068w, https:\/\/i0.wp.com\/elhijodelllanero.mx\/wp-content\/uploads\/2025\/02\/Collage_20250214_132841.jpg?resize=1920%2C1440&amp;ssl=1 1920w, https:\/\/i0.wp.com\/elhijodelllanero.mx\/wp-content\/uploads\/2025\/02\/Collage_20250214_132841.jpg?w=1392&amp;ssl=1 1392w\" sizes=\"auto, (max-width: 300px) 100vw, 300px\" \/><\/p>\n<p>Celaya, Gto. 14 de febrero del 2025. &#8211; Con gran entusiasmo y una destacada participaci\u00f3n, se llevaron a cabo diversos torneos deportivos en el marco de la Feria de la Candelaria 2025, donde atletas locales, nacionales e internacionales compitieron en un ambiente de sana convivencia y competitividad.<\/p>\n<p>En el torneo de B\u00e1squetbol Candelaria, m\u00e1s de 100 jugadores de municipios como Celaya, Yuriria, Morelia, Salamanca, Tarimoro, Quer\u00e9taro y la Ciudad de M\u00e9xico, adem\u00e1s de un equipo de Cuba, se enfrentaron en cinco categor\u00edas. La mitad de los participantes fueron estudiantes de nivel primaria, secundaria y preparatoria.<\/p>\n<p>Se repartieron 30 mil pesos en premios y destacaron equipos como Samba San Nicol\u00e1s (Salvatierra) en pasarela femenil, \u00c1guilas Elite (Irapuato) en infantil varonil, Freseroz (Irapuato) en infantil femenil, Celtas (Celaya) en micro, Hakuna (Estado de M\u00e9xico) en juvenil superior y Mambas Negras (Silao) en juvenil femenil. Los equipos locales lograron terceros lugares en varias categor\u00edas.<\/p>\n<p>En el torneo de Voleibol, participaron 16 equipos en ambas ramas. Felinas Cort\u00e1zar se coron\u00f3 en femenil, seguido de Mamacitas Yuriria, mientras que En Fam con Jorge (Cort\u00e1zar) se llev\u00f3 el t\u00edtulo varonil, dejando a Salvatierra con el segundo lugar.<\/p>\n<p>El torneo de Ajedrez reuni\u00f3 a 60 equipos de diversas ciudades del Estado de M\u00e9xico, Quer\u00e9taro, Michoac\u00e1n y Guanajuato, quienes demostraron un alto nivel competitivo.<\/p>\n<p>El Reto Ciclista \u201cSalva-Tierra y los Pueblos que Voy Rodando\u201d convoc\u00f3 a m\u00e1s de 250 ciclistas de Guanajuato, Quer\u00e9taro y Michoac\u00e1n, quienes recorrieron entre 35 y 40 kil\u00f3metros a trav\u00e9s de paisajes y comunidades emblem\u00e1ticas del municipio.<\/p>\n","protected":false},"excerpt":{"rendered":"<p>Celaya, Gto. 14 de febrero del 2025. &#8211; Con gran entusiasmo y una destacada participaci\u00f3n, se llevaron a cabo diversos torneos deportivos en el marco de la Feria de la Candelaria 2025, donde atletas locales, nacionales e internacionales compitieron en un ambiente de sana convivencia y competitividad. En el torneo de B\u00e1squetbol Candelaria, m\u00e1s de [&hellip;]<\/p>\n","protected":false},"author":3,"featured_media":0,"comment_status":"open","ping_status":"closed","sticky":false,"template":"","format":"standard","meta":{"_jetpack_newsletter_access":"","_jetpack_dont_email_post_to_subs":false,"_jetpack_newsletter_tier_id":0,"_jetpack_memberships_contains_paywalled_content":false,"_jetpack_memberships_contains_paid_content":false,"footnotes":""},"categories":[76,80],"tags":[],"class_list":{"0":"post-9382","1":"post","2":"type-post","3":"status-publish","4":"format-standard","6":"category-municipios","7":"category-salvatierra"},"yoast_head":"<!-- This site is optimized with the Yoast SEO plugin v27.3 - https:\/\/yoast.com\/product\/yoast-seo-wordpress\/ -->\n<title>ESTUPENDA PARTICIPACI\u00d3N EN EVENTOS DEPORTIVOS DE LA FERIA DE LA CANDELARIA\u00a0 EN SALVATIERRA. - El Hijo del llanero solititito<\/title>\n<meta name=\"robots\" content=\"index, follow, max-snippet:-1, max-image-preview:large, max-video-preview:-1\" \/>\n<link rel=\"canonical\" href=\"https:\/\/elhijodelllanero.mx\/index.php\/2025\/02\/14\/estupenda-participacion-en-eventos-deportivos-de-la-feria-de-la-candelaria-en-salvatierra\/\" \/>\n<meta property=\"og:locale\" content=\"es_ES\" \/>\n<meta property=\"og:type\" content=\"article\" \/>\n<meta property=\"og:title\" content=\"ESTUPENDA PARTICIPACI\u00d3N EN EVENTOS DEPORTIVOS DE LA FERIA DE LA CANDELARIA\u00a0 EN SALVATIERRA. - El Hijo del llanero solititito\" \/>\n<meta property=\"og:description\" content=\"Celaya, Gto. 14 de febrero del 2025. &#8211; Con gran entusiasmo y una destacada participaci\u00f3n, se llevaron a cabo diversos torneos deportivos en el marco de la Feria de la Candelaria 2025, donde atletas locales, nacionales e internacionales compitieron en un ambiente de sana convivencia y competitividad. En el torneo de B\u00e1squetbol Candelaria, m\u00e1s de [&hellip;]\" \/>\n<meta property=\"og:url\" content=\"https:\/\/elhijodelllanero.mx\/index.php\/2025\/02\/14\/estupenda-participacion-en-eventos-deportivos-de-la-feria-de-la-candelaria-en-salvatierra\/\" \/>\n<meta property=\"og:site_name\" content=\"El Hijo del llanero solititito\" \/>\n<meta property=\"article:published_time\" content=\"2025-02-14T19:29:31+00:00\" \/>\n<meta property=\"og:image\" content=\"https:\/\/elhijodelllanero.mx\/wp-content\/uploads\/2025\/02\/Collage_20250214_132841-300x225.jpg\" \/>\n<meta name=\"author\" content=\"Mar\u00eda de la Paz Rodarte Ram\u00edrez\" \/>\n<meta name=\"twitter:card\" content=\"summary_large_image\" \/>\n<meta name=\"twitter:label1\" content=\"Escrito por\" \/>\n\t<meta name=\"twitter:data1\" content=\"Mar\u00eda de la Paz Rodarte Ram\u00edrez\" \/>\n\t<meta name=\"twitter:label2\" content=\"Tiempo de lectura\" \/>\n\t<meta name=\"twitter:data2\" content=\"2 minutos\" \/>\n<script type=\"application\/ld+json\" class=\"yoast-schema-graph\">{\"@context\":\"https:\\\/\\\/schema.org\",\"@graph\":[{\"@type\":\"Article\",\"@id\":\"https:\\\/\\\/elhijodelllanero.mx\\\/index.php\\\/2025\\\/02\\\/14\\\/estupenda-participacion-en-eventos-deportivos-de-la-feria-de-la-candelaria-en-salvatierra\\\/#article\",\"isPartOf\":{\"@id\":\"https:\\\/\\\/elhijodelllanero.mx\\\/index.php\\\/2025\\\/02\\\/14\\\/estupenda-participacion-en-eventos-deportivos-de-la-feria-de-la-candelaria-en-salvatierra\\\/\"},\"author\":{\"name\":\"Mar\u00eda de la Paz Rodarte Ram\u00edrez\",\"@id\":\"https:\\\/\\\/elhijodelllanero.mx\\\/#\\\/schema\\\/person\\\/c7f8c86c55c1eab44ae2b93a9628245f\"},\"headline\":\"ESTUPENDA PARTICIPACI\u00d3N EN EVENTOS DEPORTIVOS DE LA FERIA DE LA CANDELARIA\u00a0 EN SALVATIERRA.\",\"datePublished\":\"2025-02-14T19:29:31+00:00\",\"mainEntityOfPage\":{\"@id\":\"https:\\\/\\\/elhijodelllanero.mx\\\/index.php\\\/2025\\\/02\\\/14\\\/estupenda-participacion-en-eventos-deportivos-de-la-feria-de-la-candelaria-en-salvatierra\\\/\"},\"wordCount\":279,\"commentCount\":0,\"image\":{\"@id\":\"https:\\\/\\\/elhijodelllanero.mx\\\/index.php\\\/2025\\\/02\\\/14\\\/estupenda-participacion-en-eventos-deportivos-de-la-feria-de-la-candelaria-en-salvatierra\\\/#primaryimage\"},\"thumbnailUrl\":\"https:\\\/\\\/elhijodelllanero.mx\\\/wp-content\\\/uploads\\\/2025\\\/02\\\/Collage_20250214_132841-300x225.jpg\",\"articleSection\":[\"MUNICIPIOS\",\"SALVATIERRA\"],\"inLanguage\":\"es\",\"potentialAction\":[{\"@type\":\"CommentAction\",\"name\":\"Comment\",\"target\":[\"https:\\\/\\\/elhijodelllanero.mx\\\/index.php\\\/2025\\\/02\\\/14\\\/estupenda-participacion-en-eventos-deportivos-de-la-feria-de-la-candelaria-en-salvatierra\\\/#respond\"]}]},{\"@type\":\"WebPage\",\"@id\":\"https:\\\/\\\/elhijodelllanero.mx\\\/index.php\\\/2025\\\/02\\\/14\\\/estupenda-participacion-en-eventos-deportivos-de-la-feria-de-la-candelaria-en-salvatierra\\\/\",\"url\":\"https:\\\/\\\/elhijodelllanero.mx\\\/index.php\\\/2025\\\/02\\\/14\\\/estupenda-participacion-en-eventos-deportivos-de-la-feria-de-la-candelaria-en-salvatierra\\\/\",\"name\":\"ESTUPENDA PARTICIPACI\u00d3N EN EVENTOS DEPORTIVOS DE LA FERIA DE LA CANDELARIA\u00a0 EN SALVATIERRA. - El Hijo del llanero solititito\",\"isPartOf\":{\"@id\":\"https:\\\/\\\/elhijodelllanero.mx\\\/#website\"},\"primaryImageOfPage\":{\"@id\":\"https:\\\/\\\/elhijodelllanero.mx\\\/index.php\\\/2025\\\/02\\\/14\\\/estupenda-participacion-en-eventos-deportivos-de-la-feria-de-la-candelaria-en-salvatierra\\\/#primaryimage\"},\"image\":{\"@id\":\"https:\\\/\\\/elhijodelllanero.mx\\\/index.php\\\/2025\\\/02\\\/14\\\/estupenda-participacion-en-eventos-deportivos-de-la-feria-de-la-candelaria-en-salvatierra\\\/#primaryimage\"},\"thumbnailUrl\":\"https:\\\/\\\/elhijodelllanero.mx\\\/wp-content\\\/uploads\\\/2025\\\/02\\\/Collage_20250214_132841-300x225.jpg\",\"datePublished\":\"2025-02-14T19:29:31+00:00\",\"author\":{\"@id\":\"https:\\\/\\\/elhijodelllanero.mx\\\/#\\\/schema\\\/person\\\/c7f8c86c55c1eab44ae2b93a9628245f\"},\"breadcrumb\":{\"@id\":\"https:\\\/\\\/elhijodelllanero.mx\\\/index.php\\\/2025\\\/02\\\/14\\\/estupenda-participacion-en-eventos-deportivos-de-la-feria-de-la-candelaria-en-salvatierra\\\/#breadcrumb\"},\"inLanguage\":\"es\",\"potentialAction\":[{\"@type\":\"ReadAction\",\"target\":[\"https:\\\/\\\/elhijodelllanero.mx\\\/index.php\\\/2025\\\/02\\\/14\\\/estupenda-participacion-en-eventos-deportivos-de-la-feria-de-la-candelaria-en-salvatierra\\\/\"]}]},{\"@type\":\"ImageObject\",\"inLanguage\":\"es\",\"@id\":\"https:\\\/\\\/elhijodelllanero.mx\\\/index.php\\\/2025\\\/02\\\/14\\\/estupenda-participacion-en-eventos-deportivos-de-la-feria-de-la-candelaria-en-salvatierra\\\/#primaryimage\",\"url\":\"https:\\\/\\\/i0.wp.com\\\/elhijodelllanero.mx\\\/wp-content\\\/uploads\\\/2025\\\/02\\\/Collage_20250214_132841.jpg?fit=2160%2C1620&ssl=1\",\"contentUrl\":\"https:\\\/\\\/i0.wp.com\\\/elhijodelllanero.mx\\\/wp-content\\\/uploads\\\/2025\\\/02\\\/Collage_20250214_132841.jpg?fit=2160%2C1620&ssl=1\",\"width\":2160,\"height\":1620},{\"@type\":\"BreadcrumbList\",\"@id\":\"https:\\\/\\\/elhijodelllanero.mx\\\/index.php\\\/2025\\\/02\\\/14\\\/estupenda-participacion-en-eventos-deportivos-de-la-feria-de-la-candelaria-en-salvatierra\\\/#breadcrumb\",\"itemListElement\":[{\"@type\":\"ListItem\",\"position\":1,\"name\":\"Portada\",\"item\":\"https:\\\/\\\/elhijodelllanero.mx\\\/\"},{\"@type\":\"ListItem\",\"position\":2,\"name\":\"ESTUPENDA PARTICIPACI\u00d3N EN EVENTOS DEPORTIVOS DE LA FERIA DE LA CANDELARIA\u00a0 EN SALVATIERRA.\"}]},{\"@type\":\"WebSite\",\"@id\":\"https:\\\/\\\/elhijodelllanero.mx\\\/#website\",\"url\":\"https:\\\/\\\/elhijodelllanero.mx\\\/\",\"name\":\"El Hijo del llanero solititito\",\"description\":\"\",\"potentialAction\":[{\"@type\":\"SearchAction\",\"target\":{\"@type\":\"EntryPoint\",\"urlTemplate\":\"https:\\\/\\\/elhijodelllanero.mx\\\/?s={search_term_string}\"},\"query-input\":{\"@type\":\"PropertyValueSpecification\",\"valueRequired\":true,\"valueName\":\"search_term_string\"}}],\"inLanguage\":\"es\"},{\"@type\":\"Person\",\"@id\":\"https:\\\/\\\/elhijodelllanero.mx\\\/#\\\/schema\\\/person\\\/c7f8c86c55c1eab44ae2b93a9628245f\",\"name\":\"Mar\u00eda de la Paz Rodarte Ram\u00edrez\",\"image\":{\"@type\":\"ImageObject\",\"inLanguage\":\"es\",\"@id\":\"https:\\\/\\\/secure.gravatar.com\\\/avatar\\\/1f38f8518b09a266af73da2bce78d69e7d1275299970134ed62f572e0487e1d0?s=96&d=mm&r=g\",\"url\":\"https:\\\/\\\/secure.gravatar.com\\\/avatar\\\/1f38f8518b09a266af73da2bce78d69e7d1275299970134ed62f572e0487e1d0?s=96&d=mm&r=g\",\"contentUrl\":\"https:\\\/\\\/secure.gravatar.com\\\/avatar\\\/1f38f8518b09a266af73da2bce78d69e7d1275299970134ed62f572e0487e1d0?s=96&d=mm&r=g\",\"caption\":\"Mar\u00eda de la Paz Rodarte Ram\u00edrez\"},\"sameAs\":[\"https:\\\/\\\/www.elhijodelllanero.mx\"],\"url\":\"https:\\\/\\\/elhijodelllanero.mx\\\/index.php\\\/author\\\/maricuas\\\/\"}]}<\/script>\n<!-- \/ Yoast SEO plugin. -->","yoast_head_json":{"title":"ESTUPENDA PARTICIPACI\u00d3N EN EVENTOS DEPORTIVOS DE LA FERIA DE LA CANDELARIA\u00a0 EN SALVATIERRA. - El Hijo del llanero solititito","robots":{"index":"index","follow":"follow","max-snippet":"max-snippet:-1","max-image-preview":"max-image-preview:large","max-video-preview":"max-video-preview:-1"},"canonical":"https:\/\/elhijodelllanero.mx\/index.php\/2025\/02\/14\/estupenda-participacion-en-eventos-deportivos-de-la-feria-de-la-candelaria-en-salvatierra\/","og_locale":"es_ES","og_type":"article","og_title":"ESTUPENDA PARTICIPACI\u00d3N EN EVENTOS DEPORTIVOS DE LA FERIA DE LA CANDELARIA\u00a0 EN SALVATIERRA. - El Hijo del llanero solititito","og_description":"Celaya, Gto. 14 de febrero del 2025. &#8211; Con gran entusiasmo y una destacada participaci\u00f3n, se llevaron a cabo diversos torneos deportivos en el marco de la Feria de la Candelaria 2025, donde atletas locales, nacionales e internacionales compitieron en un ambiente de sana convivencia y competitividad. En el torneo de B\u00e1squetbol Candelaria, m\u00e1s de [&hellip;]","og_url":"https:\/\/elhijodelllanero.mx\/index.php\/2025\/02\/14\/estupenda-participacion-en-eventos-deportivos-de-la-feria-de-la-candelaria-en-salvatierra\/","og_site_name":"El Hijo del llanero solititito","article_published_time":"2025-02-14T19:29:31+00:00","og_image":[{"url":"https:\/\/elhijodelllanero.mx\/wp-content\/uploads\/2025\/02\/Collage_20250214_132841-300x225.jpg","type":"","width":"","height":""}],"author":"Mar\u00eda de la Paz Rodarte Ram\u00edrez","twitter_card":"summary_large_image","twitter_misc":{"Escrito por":"Mar\u00eda de la Paz Rodarte Ram\u00edrez","Tiempo de lectura":"2 minutos"},"schema":{"@context":"https:\/\/schema.org","@graph":[{"@type":"Article","@id":"https:\/\/elhijodelllanero.mx\/index.php\/2025\/02\/14\/estupenda-participacion-en-eventos-deportivos-de-la-feria-de-la-candelaria-en-salvatierra\/#article","isPartOf":{"@id":"https:\/\/elhijodelllanero.mx\/index.php\/2025\/02\/14\/estupenda-participacion-en-eventos-deportivos-de-la-feria-de-la-candelaria-en-salvatierra\/"},"author":{"name":"Mar\u00eda de la Paz Rodarte Ram\u00edrez","@id":"https:\/\/elhijodelllanero.mx\/#\/schema\/person\/c7f8c86c55c1eab44ae2b93a9628245f"},"headline":"ESTUPENDA PARTICIPACI\u00d3N EN EVENTOS DEPORTIVOS DE LA FERIA DE LA CANDELARIA\u00a0 EN SALVATIERRA.","datePublished":"2025-02-14T19:29:31+00:00","mainEntityOfPage":{"@id":"https:\/\/elhijodelllanero.mx\/index.php\/2025\/02\/14\/estupenda-participacion-en-eventos-deportivos-de-la-feria-de-la-candelaria-en-salvatierra\/"},"wordCount":279,"commentCount":0,"image":{"@id":"https:\/\/elhijodelllanero.mx\/index.php\/2025\/02\/14\/estupenda-participacion-en-eventos-deportivos-de-la-feria-de-la-candelaria-en-salvatierra\/#primaryimage"},"thumbnailUrl":"https:\/\/elhijodelllanero.mx\/wp-content\/uploads\/2025\/02\/Collage_20250214_132841-300x225.jpg","articleSection":["MUNICIPIOS","SALVATIERRA"],"inLanguage":"es","potentialAction":[{"@type":"CommentAction","name":"Comment","target":["https:\/\/elhijodelllanero.mx\/index.php\/2025\/02\/14\/estupenda-participacion-en-eventos-deportivos-de-la-feria-de-la-candelaria-en-salvatierra\/#respond"]}]},{"@type":"WebPage","@id":"https:\/\/elhijodelllanero.mx\/index.php\/2025\/02\/14\/estupenda-participacion-en-eventos-deportivos-de-la-feria-de-la-candelaria-en-salvatierra\/","url":"https:\/\/elhijodelllanero.mx\/index.php\/2025\/02\/14\/estupenda-participacion-en-eventos-deportivos-de-la-feria-de-la-candelaria-en-salvatierra\/","name":"ESTUPENDA PARTICIPACI\u00d3N EN EVENTOS DEPORTIVOS DE LA FERIA DE LA CANDELARIA\u00a0 EN SALVATIERRA. - El Hijo del llanero solititito","isPartOf":{"@id":"https:\/\/elhijodelllanero.mx\/#website"},"primaryImageOfPage":{"@id":"https:\/\/elhijodelllanero.mx\/index.php\/2025\/02\/14\/estupenda-participacion-en-eventos-deportivos-de-la-feria-de-la-candelaria-en-salvatierra\/#primaryimage"},"image":{"@id":"https:\/\/elhijodelllanero.mx\/index.php\/2025\/02\/14\/estupenda-participacion-en-eventos-deportivos-de-la-feria-de-la-candelaria-en-salvatierra\/#primaryimage"},"thumbnailUrl":"https:\/\/elhijodelllanero.mx\/wp-content\/uploads\/2025\/02\/Collage_20250214_132841-300x225.jpg","datePublished":"2025-02-14T19:29:31+00:00","author":{"@id":"https:\/\/elhijodelllanero.mx\/#\/schema\/person\/c7f8c86c55c1eab44ae2b93a9628245f"},"breadcrumb":{"@id":"https:\/\/elhijodelllanero.mx\/index.php\/2025\/02\/14\/estupenda-participacion-en-eventos-deportivos-de-la-feria-de-la-candelaria-en-salvatierra\/#breadcrumb"},"inLanguage":"es","potentialAction":[{"@type":"ReadAction","target":["https:\/\/elhijodelllanero.mx\/index.php\/2025\/02\/14\/estupenda-participacion-en-eventos-deportivos-de-la-feria-de-la-candelaria-en-salvatierra\/"]}]},{"@type":"ImageObject","inLanguage":"es","@id":"https:\/\/elhijodelllanero.mx\/index.php\/2025\/02\/14\/estupenda-participacion-en-eventos-deportivos-de-la-feria-de-la-candelaria-en-salvatierra\/#primaryimage","url":"https:\/\/i0.wp.com\/elhijodelllanero.mx\/wp-content\/uploads\/2025\/02\/Collage_20250214_132841.jpg?fit=2160%2C1620&ssl=1","contentUrl":"https:\/\/i0.wp.com\/elhijodelllanero.mx\/wp-content\/uploads\/2025\/02\/Collage_20250214_132841.jpg?fit=2160%2C1620&ssl=1","width":2160,"height":1620},{"@type":"BreadcrumbList","@id":"https:\/\/elhijodelllanero.mx\/index.php\/2025\/02\/14\/estupenda-participacion-en-eventos-deportivos-de-la-feria-de-la-candelaria-en-salvatierra\/#breadcrumb","itemListElement":[{"@type":"ListItem","position":1,"name":"Portada","item":"https:\/\/elhijodelllanero.mx\/"},{"@type":"ListItem","position":2,"name":"ESTUPENDA PARTICIPACI\u00d3N EN EVENTOS DEPORTIVOS DE LA FERIA DE LA CANDELARIA\u00a0 EN SALVATIERRA."}]},{"@type":"WebSite","@id":"https:\/\/elhijodelllanero.mx\/#website","url":"https:\/\/elhijodelllanero.mx\/","name":"El Hijo del llanero solititito","description":"","potentialAction":[{"@type":"SearchAction","target":{"@type":"EntryPoint","urlTemplate":"https:\/\/elhijodelllanero.mx\/?s={search_term_string}"},"query-input":{"@type":"PropertyValueSpecification","valueRequired":true,"valueName":"search_term_string"}}],"inLanguage":"es"},{"@type":"Person","@id":"https:\/\/elhijodelllanero.mx\/#\/schema\/person\/c7f8c86c55c1eab44ae2b93a9628245f","name":"Mar\u00eda de la Paz Rodarte Ram\u00edrez","image":{"@type":"ImageObject","inLanguage":"es","@id":"https:\/\/secure.gravatar.com\/avatar\/1f38f8518b09a266af73da2bce78d69e7d1275299970134ed62f572e0487e1d0?s=96&d=mm&r=g","url":"https:\/\/secure.gravatar.com\/avatar\/1f38f8518b09a266af73da2bce78d69e7d1275299970134ed62f572e0487e1d0?s=96&d=mm&r=g","contentUrl":"https:\/\/secure.gravatar.com\/avatar\/1f38f8518b09a266af73da2bce78d69e7d1275299970134ed62f572e0487e1d0?s=96&d=mm&r=g","caption":"Mar\u00eda de la Paz Rodarte Ram\u00edrez"},"sameAs":["https:\/\/www.elhijodelllanero.mx"],"url":"https:\/\/elhijodelllanero.mx\/index.php\/author\/maricuas\/"}]}},"jetpack_featured_media_url":"","jetpack-related-posts":[],"jetpack_sharing_enabled":true,"_links":{"self":[{"href":"https:\/\/elhijodelllanero.mx\/index.php\/wp-json\/wp\/v2\/posts\/9382","targetHints":{"allow":["GET"]}}],"collection":[{"href":"https:\/\/elhijodelllanero.mx\/index.php\/wp-json\/wp\/v2\/posts"}],"about":[{"href":"https:\/\/elhijodelllanero.mx\/index.php\/wp-json\/wp\/v2\/types\/post"}],"author":[{"embeddable":true,"href":"https:\/\/elhijodelllanero.mx\/index.php\/wp-json\/wp\/v2\/users\/3"}],"replies":[{"embeddable":true,"href":"https:\/\/elhijodelllanero.mx\/index.php\/wp-json\/wp\/v2\/comments?post=9382"}],"version-history":[{"count":1,"href":"https:\/\/elhijodelllanero.mx\/index.php\/wp-json\/wp\/v2\/posts\/9382\/revisions"}],"predecessor-version":[{"id":9384,"href":"https:\/\/elhijodelllanero.mx\/index.php\/wp-json\/wp\/v2\/posts\/9382\/revisions\/9384"}],"wp:attachment":[{"href":"https:\/\/elhijodelllanero.mx\/index.php\/wp-json\/wp\/v2\/media?parent=9382"}],"wp:term":[{"taxonomy":"category","embeddable":true,"href":"https:\/\/elhijodelllanero.mx\/index.php\/wp-json\/wp\/v2\/categories?post=9382"},{"taxonomy":"post_tag","embeddable":true,"href":"https:\/\/elhijodelllanero.mx\/index.php\/wp-json\/wp\/v2\/tags?post=9382"}],"curies":[{"name":"wp","href":"https:\/\/api.w.org\/{rel}","templated":true}]}}