{"id":9699,"date":"2025-03-28T23:15:42","date_gmt":"2025-03-28T23:15:42","guid":{"rendered":"https:\/\/elhijodelllanero.mx\/?p=9699"},"modified":"2025-03-28T23:15:42","modified_gmt":"2025-03-28T23:15:42","slug":"abriran-oficina-de-defensa-del-consumidor-en-celaya","status":"publish","type":"post","link":"https:\/\/elhijodelllanero.mx\/index.php\/2025\/03\/28\/abriran-oficina-de-defensa-del-consumidor-en-celaya\/","title":{"rendered":"ABRIR\u00c1N OFICINA DE DEFENSA DEL CONSUMIDOR EN CELAYA."},"content":{"rendered":"<p>&nbsp;<\/p>\n<p>&nbsp;<\/p>\n<p><img data-recalc-dims=\"1\" loading=\"lazy\" decoding=\"async\" class=\"alignnone size-medium wp-image-9700\" src=\"https:\/\/i0.wp.com\/elhijodelllanero.mx\/wp-content\/uploads\/2025\/03\/20250328_170941-COLLAGE.jpg?resize=300%2C300&#038;ssl=1\" alt=\"\" width=\"300\" height=\"300\" srcset=\"https:\/\/i0.wp.com\/elhijodelllanero.mx\/wp-content\/uploads\/2025\/03\/20250328_170941-COLLAGE-scaled.jpg?resize=300%2C300&amp;ssl=1 300w, https:\/\/i0.wp.com\/elhijodelllanero.mx\/wp-content\/uploads\/2025\/03\/20250328_170941-COLLAGE-scaled.jpg?resize=1024%2C1024&amp;ssl=1 1024w, https:\/\/i0.wp.com\/elhijodelllanero.mx\/wp-content\/uploads\/2025\/03\/20250328_170941-COLLAGE-scaled.jpg?resize=150%2C150&amp;ssl=1 150w, https:\/\/i0.wp.com\/elhijodelllanero.mx\/wp-content\/uploads\/2025\/03\/20250328_170941-COLLAGE-scaled.jpg?resize=768%2C768&amp;ssl=1 768w, https:\/\/i0.wp.com\/elhijodelllanero.mx\/wp-content\/uploads\/2025\/03\/20250328_170941-COLLAGE-scaled.jpg?resize=1536%2C1536&amp;ssl=1 1536w, https:\/\/i0.wp.com\/elhijodelllanero.mx\/wp-content\/uploads\/2025\/03\/20250328_170941-COLLAGE-scaled.jpg?resize=2048%2C2048&amp;ssl=1 2048w, https:\/\/i0.wp.com\/elhijodelllanero.mx\/wp-content\/uploads\/2025\/03\/20250328_170941-COLLAGE-scaled.jpg?resize=420%2C420&amp;ssl=1 420w, https:\/\/i0.wp.com\/elhijodelllanero.mx\/wp-content\/uploads\/2025\/03\/20250328_170941-COLLAGE-scaled.jpg?resize=696%2C696&amp;ssl=1 696w, https:\/\/i0.wp.com\/elhijodelllanero.mx\/wp-content\/uploads\/2025\/03\/20250328_170941-COLLAGE-scaled.jpg?resize=1068%2C1068&amp;ssl=1 1068w, https:\/\/i0.wp.com\/elhijodelllanero.mx\/wp-content\/uploads\/2025\/03\/20250328_170941-COLLAGE-scaled.jpg?resize=1920%2C1920&amp;ssl=1 1920w, https:\/\/i0.wp.com\/elhijodelllanero.mx\/wp-content\/uploads\/2025\/03\/20250328_170941-COLLAGE-scaled.jpg?w=1392&amp;ssl=1 1392w\" sizes=\"auto, (max-width: 300px) 100vw, 300px\" \/>Celaya,Gto. 28 de marzo del 2025.- Celaya contar\u00e1 con una Oficina de Defensa del Consumidor (ODECO) que recibir\u00e1 las quejas y denuncias de los ciudadanos con alguna inconformidad por los servicios, garant\u00edas o precios de tiendas y prestadores de servicios del municipio y la regi\u00f3n.<\/p>\n<p>As\u00ed lo anunci\u00f3 el presidente municipal, Juan Miguel Ram\u00edrez, quien estuvo acompa\u00f1ado esta ma\u00f1ana por Francisco Javier Chico Goerne, director de la zona \u201cMiguel Hidalgo\u201d de la ODECO-PROFECO, a la que pertenece la regi\u00f3n de Celaya.<\/p>\n<p>Ambos visitaron el inmueble municipal ubicado en la calle Morelos, que ser\u00e1 destinado al servicio de la ODECO una vez que sea rehabilitado en su totalidad, debido a que a\u00fan presenta algunos detalles que se deben atender, pero se espera que en breve queden abiertas al p\u00fablico.<\/p>\n<p>El presidente municipal explic\u00f3 que los celayenses han manifestado la necesidad de contar con este servicio de defensa del consumidor, una atribuci\u00f3n que es del gobierno federal, por lo que se hicieron las gestiones para abrir una oficina despu\u00e9s de que la anterior cerr\u00f3 sus puertas, meses atr\u00e1s.<\/p>\n<p>Ahora, estas oficinas estar\u00e1n en una ubicaci\u00f3n m\u00e1s c\u00e9ntrica y accesible para todas las personas que requieren de los servicios.<\/p>\n<p>El director de la zona \u201cMiguel Hidalgo\u201d de la ODECO explic\u00f3 que, por la poblaci\u00f3n de Celaya y su influencia con los municipios de la regi\u00f3n, ameritan contar con una oficina en este municipio, por lo que, en cuanto est\u00e9n habilitadas las instalaciones, se destinar\u00e1 personal e infraestructura para que atiendan a los consumidores de la regi\u00f3n.<\/p>\n<p>A\u00f1adi\u00f3 que en esta oficina se recibir\u00e1n quejas y demandas, tanto v\u00eda telef\u00f3nica como presenciales, de toda persona a quien no se le haya respetado alg\u00fan precio, una garant\u00eda o que est\u00e9 inconforme con alg\u00fan servicio recibido. Desde ah\u00ed tambi\u00e9n se realizar\u00e1n conciliaciones y se dar\u00e1 seguimiento a cada caso.<\/p>\n<p>El presidente municipal a\u00f1adi\u00f3 que, por parte del municipio, adem\u00e1s de la oficina se proveer\u00e1 de los servicios de un trabajador para el apoyo de las actividades, as\u00ed como equipo de c\u00f3mputo e internet, todo ello, para beneficio de los celayenses.<\/p>\n","protected":false},"excerpt":{"rendered":"<p>&nbsp; &nbsp; Celaya,Gto. 28 de marzo del 2025.- Celaya contar\u00e1 con una Oficina de Defensa del Consumidor (ODECO) que recibir\u00e1 las quejas y denuncias de los ciudadanos con alguna inconformidad por los servicios, garant\u00edas o precios de tiendas y prestadores de servicios del municipio y la regi\u00f3n. As\u00ed lo anunci\u00f3 el presidente municipal, Juan Miguel [&hellip;]<\/p>\n","protected":false},"author":3,"featured_media":0,"comment_status":"open","ping_status":"closed","sticky":false,"template":"","format":"standard","meta":{"_jetpack_newsletter_access":"","_jetpack_dont_email_post_to_subs":false,"_jetpack_newsletter_tier_id":0,"_jetpack_memberships_contains_paywalled_content":false,"_jetpack_memberships_contains_paid_content":false,"footnotes":""},"categories":[74],"tags":[],"class_list":{"0":"post-9699","1":"post","2":"type-post","3":"status-publish","4":"format-standard","6":"category-celaya"},"yoast_head":"<!-- This site is optimized with the Yoast SEO plugin v27.3 - https:\/\/yoast.com\/product\/yoast-seo-wordpress\/ -->\n<title>ABRIR\u00c1N OFICINA DE DEFENSA DEL CONSUMIDOR EN CELAYA. - El Hijo del llanero solititito<\/title>\n<meta name=\"robots\" content=\"index, follow, max-snippet:-1, max-image-preview:large, max-video-preview:-1\" \/>\n<link rel=\"canonical\" href=\"https:\/\/elhijodelllanero.mx\/index.php\/2025\/03\/28\/abriran-oficina-de-defensa-del-consumidor-en-celaya\/\" \/>\n<meta property=\"og:locale\" content=\"es_ES\" \/>\n<meta property=\"og:type\" content=\"article\" \/>\n<meta property=\"og:title\" content=\"ABRIR\u00c1N OFICINA DE DEFENSA DEL CONSUMIDOR EN CELAYA. - El Hijo del llanero solititito\" \/>\n<meta property=\"og:description\" content=\"&nbsp; &nbsp; Celaya,Gto. 28 de marzo del 2025.- Celaya contar\u00e1 con una Oficina de Defensa del Consumidor (ODECO) que recibir\u00e1 las quejas y denuncias de los ciudadanos con alguna inconformidad por los servicios, garant\u00edas o precios de tiendas y prestadores de servicios del municipio y la regi\u00f3n. As\u00ed lo anunci\u00f3 el presidente municipal, Juan Miguel [&hellip;]\" \/>\n<meta property=\"og:url\" content=\"https:\/\/elhijodelllanero.mx\/index.php\/2025\/03\/28\/abriran-oficina-de-defensa-del-consumidor-en-celaya\/\" \/>\n<meta property=\"og:site_name\" content=\"El Hijo del llanero solititito\" \/>\n<meta property=\"article:published_time\" content=\"2025-03-28T23:15:42+00:00\" \/>\n<meta property=\"og:image\" content=\"https:\/\/elhijodelllanero.mx\/wp-content\/uploads\/2025\/03\/20250328_170941-COLLAGE-300x300.jpg\" \/>\n<meta name=\"author\" content=\"Mar\u00eda de la Paz Rodarte Ram\u00edrez\" \/>\n<meta name=\"twitter:card\" content=\"summary_large_image\" \/>\n<meta name=\"twitter:label1\" content=\"Escrito por\" \/>\n\t<meta name=\"twitter:data1\" content=\"Mar\u00eda de la Paz Rodarte Ram\u00edrez\" \/>\n\t<meta name=\"twitter:label2\" content=\"Tiempo de lectura\" \/>\n\t<meta name=\"twitter:data2\" content=\"2 minutos\" \/>\n<script type=\"application\/ld+json\" class=\"yoast-schema-graph\">{\"@context\":\"https:\\\/\\\/schema.org\",\"@graph\":[{\"@type\":\"Article\",\"@id\":\"https:\\\/\\\/elhijodelllanero.mx\\\/index.php\\\/2025\\\/03\\\/28\\\/abriran-oficina-de-defensa-del-consumidor-en-celaya\\\/#article\",\"isPartOf\":{\"@id\":\"https:\\\/\\\/elhijodelllanero.mx\\\/index.php\\\/2025\\\/03\\\/28\\\/abriran-oficina-de-defensa-del-consumidor-en-celaya\\\/\"},\"author\":{\"name\":\"Mar\u00eda de la Paz Rodarte Ram\u00edrez\",\"@id\":\"https:\\\/\\\/elhijodelllanero.mx\\\/#\\\/schema\\\/person\\\/c7f8c86c55c1eab44ae2b93a9628245f\"},\"headline\":\"ABRIR\u00c1N OFICINA DE DEFENSA DEL CONSUMIDOR EN CELAYA.\",\"datePublished\":\"2025-03-28T23:15:42+00:00\",\"mainEntityOfPage\":{\"@id\":\"https:\\\/\\\/elhijodelllanero.mx\\\/index.php\\\/2025\\\/03\\\/28\\\/abriran-oficina-de-defensa-del-consumidor-en-celaya\\\/\"},\"wordCount\":386,\"commentCount\":0,\"image\":{\"@id\":\"https:\\\/\\\/elhijodelllanero.mx\\\/index.php\\\/2025\\\/03\\\/28\\\/abriran-oficina-de-defensa-del-consumidor-en-celaya\\\/#primaryimage\"},\"thumbnailUrl\":\"https:\\\/\\\/elhijodelllanero.mx\\\/wp-content\\\/uploads\\\/2025\\\/03\\\/20250328_170941-COLLAGE-300x300.jpg\",\"articleSection\":[\"CELAYA\"],\"inLanguage\":\"es\",\"potentialAction\":[{\"@type\":\"CommentAction\",\"name\":\"Comment\",\"target\":[\"https:\\\/\\\/elhijodelllanero.mx\\\/index.php\\\/2025\\\/03\\\/28\\\/abriran-oficina-de-defensa-del-consumidor-en-celaya\\\/#respond\"]}]},{\"@type\":\"WebPage\",\"@id\":\"https:\\\/\\\/elhijodelllanero.mx\\\/index.php\\\/2025\\\/03\\\/28\\\/abriran-oficina-de-defensa-del-consumidor-en-celaya\\\/\",\"url\":\"https:\\\/\\\/elhijodelllanero.mx\\\/index.php\\\/2025\\\/03\\\/28\\\/abriran-oficina-de-defensa-del-consumidor-en-celaya\\\/\",\"name\":\"ABRIR\u00c1N OFICINA DE DEFENSA DEL CONSUMIDOR EN CELAYA. - El Hijo del llanero solititito\",\"isPartOf\":{\"@id\":\"https:\\\/\\\/elhijodelllanero.mx\\\/#website\"},\"primaryImageOfPage\":{\"@id\":\"https:\\\/\\\/elhijodelllanero.mx\\\/index.php\\\/2025\\\/03\\\/28\\\/abriran-oficina-de-defensa-del-consumidor-en-celaya\\\/#primaryimage\"},\"image\":{\"@id\":\"https:\\\/\\\/elhijodelllanero.mx\\\/index.php\\\/2025\\\/03\\\/28\\\/abriran-oficina-de-defensa-del-consumidor-en-celaya\\\/#primaryimage\"},\"thumbnailUrl\":\"https:\\\/\\\/elhijodelllanero.mx\\\/wp-content\\\/uploads\\\/2025\\\/03\\\/20250328_170941-COLLAGE-300x300.jpg\",\"datePublished\":\"2025-03-28T23:15:42+00:00\",\"author\":{\"@id\":\"https:\\\/\\\/elhijodelllanero.mx\\\/#\\\/schema\\\/person\\\/c7f8c86c55c1eab44ae2b93a9628245f\"},\"breadcrumb\":{\"@id\":\"https:\\\/\\\/elhijodelllanero.mx\\\/index.php\\\/2025\\\/03\\\/28\\\/abriran-oficina-de-defensa-del-consumidor-en-celaya\\\/#breadcrumb\"},\"inLanguage\":\"es\",\"potentialAction\":[{\"@type\":\"ReadAction\",\"target\":[\"https:\\\/\\\/elhijodelllanero.mx\\\/index.php\\\/2025\\\/03\\\/28\\\/abriran-oficina-de-defensa-del-consumidor-en-celaya\\\/\"]}]},{\"@type\":\"ImageObject\",\"inLanguage\":\"es\",\"@id\":\"https:\\\/\\\/elhijodelllanero.mx\\\/index.php\\\/2025\\\/03\\\/28\\\/abriran-oficina-de-defensa-del-consumidor-en-celaya\\\/#primaryimage\",\"url\":\"https:\\\/\\\/i0.wp.com\\\/elhijodelllanero.mx\\\/wp-content\\\/uploads\\\/2025\\\/03\\\/20250328_170941-COLLAGE-scaled.jpg?fit=2560%2C2560&ssl=1\",\"contentUrl\":\"https:\\\/\\\/i0.wp.com\\\/elhijodelllanero.mx\\\/wp-content\\\/uploads\\\/2025\\\/03\\\/20250328_170941-COLLAGE-scaled.jpg?fit=2560%2C2560&ssl=1\",\"width\":2560,\"height\":2560},{\"@type\":\"BreadcrumbList\",\"@id\":\"https:\\\/\\\/elhijodelllanero.mx\\\/index.php\\\/2025\\\/03\\\/28\\\/abriran-oficina-de-defensa-del-consumidor-en-celaya\\\/#breadcrumb\",\"itemListElement\":[{\"@type\":\"ListItem\",\"position\":1,\"name\":\"Portada\",\"item\":\"https:\\\/\\\/elhijodelllanero.mx\\\/\"},{\"@type\":\"ListItem\",\"position\":2,\"name\":\"ABRIR\u00c1N OFICINA DE DEFENSA DEL CONSUMIDOR EN CELAYA.\"}]},{\"@type\":\"WebSite\",\"@id\":\"https:\\\/\\\/elhijodelllanero.mx\\\/#website\",\"url\":\"https:\\\/\\\/elhijodelllanero.mx\\\/\",\"name\":\"El Hijo del llanero solititito\",\"description\":\"\",\"potentialAction\":[{\"@type\":\"SearchAction\",\"target\":{\"@type\":\"EntryPoint\",\"urlTemplate\":\"https:\\\/\\\/elhijodelllanero.mx\\\/?s={search_term_string}\"},\"query-input\":{\"@type\":\"PropertyValueSpecification\",\"valueRequired\":true,\"valueName\":\"search_term_string\"}}],\"inLanguage\":\"es\"},{\"@type\":\"Person\",\"@id\":\"https:\\\/\\\/elhijodelllanero.mx\\\/#\\\/schema\\\/person\\\/c7f8c86c55c1eab44ae2b93a9628245f\",\"name\":\"Mar\u00eda de la Paz Rodarte Ram\u00edrez\",\"image\":{\"@type\":\"ImageObject\",\"inLanguage\":\"es\",\"@id\":\"https:\\\/\\\/secure.gravatar.com\\\/avatar\\\/1f38f8518b09a266af73da2bce78d69e7d1275299970134ed62f572e0487e1d0?s=96&d=mm&r=g\",\"url\":\"https:\\\/\\\/secure.gravatar.com\\\/avatar\\\/1f38f8518b09a266af73da2bce78d69e7d1275299970134ed62f572e0487e1d0?s=96&d=mm&r=g\",\"contentUrl\":\"https:\\\/\\\/secure.gravatar.com\\\/avatar\\\/1f38f8518b09a266af73da2bce78d69e7d1275299970134ed62f572e0487e1d0?s=96&d=mm&r=g\",\"caption\":\"Mar\u00eda de la Paz Rodarte Ram\u00edrez\"},\"sameAs\":[\"https:\\\/\\\/www.elhijodelllanero.mx\"],\"url\":\"https:\\\/\\\/elhijodelllanero.mx\\\/index.php\\\/author\\\/maricuas\\\/\"}]}<\/script>\n<!-- \/ Yoast SEO plugin. -->","yoast_head_json":{"title":"ABRIR\u00c1N OFICINA DE DEFENSA DEL CONSUMIDOR EN CELAYA. - El Hijo del llanero solititito","robots":{"index":"index","follow":"follow","max-snippet":"max-snippet:-1","max-image-preview":"max-image-preview:large","max-video-preview":"max-video-preview:-1"},"canonical":"https:\/\/elhijodelllanero.mx\/index.php\/2025\/03\/28\/abriran-oficina-de-defensa-del-consumidor-en-celaya\/","og_locale":"es_ES","og_type":"article","og_title":"ABRIR\u00c1N OFICINA DE DEFENSA DEL CONSUMIDOR EN CELAYA. - El Hijo del llanero solititito","og_description":"&nbsp; &nbsp; Celaya,Gto. 28 de marzo del 2025.- Celaya contar\u00e1 con una Oficina de Defensa del Consumidor (ODECO) que recibir\u00e1 las quejas y denuncias de los ciudadanos con alguna inconformidad por los servicios, garant\u00edas o precios de tiendas y prestadores de servicios del municipio y la regi\u00f3n. As\u00ed lo anunci\u00f3 el presidente municipal, Juan Miguel [&hellip;]","og_url":"https:\/\/elhijodelllanero.mx\/index.php\/2025\/03\/28\/abriran-oficina-de-defensa-del-consumidor-en-celaya\/","og_site_name":"El Hijo del llanero solititito","article_published_time":"2025-03-28T23:15:42+00:00","og_image":[{"url":"https:\/\/elhijodelllanero.mx\/wp-content\/uploads\/2025\/03\/20250328_170941-COLLAGE-300x300.jpg","type":"","width":"","height":""}],"author":"Mar\u00eda de la Paz Rodarte Ram\u00edrez","twitter_card":"summary_large_image","twitter_misc":{"Escrito por":"Mar\u00eda de la Paz Rodarte Ram\u00edrez","Tiempo de lectura":"2 minutos"},"schema":{"@context":"https:\/\/schema.org","@graph":[{"@type":"Article","@id":"https:\/\/elhijodelllanero.mx\/index.php\/2025\/03\/28\/abriran-oficina-de-defensa-del-consumidor-en-celaya\/#article","isPartOf":{"@id":"https:\/\/elhijodelllanero.mx\/index.php\/2025\/03\/28\/abriran-oficina-de-defensa-del-consumidor-en-celaya\/"},"author":{"name":"Mar\u00eda de la Paz Rodarte Ram\u00edrez","@id":"https:\/\/elhijodelllanero.mx\/#\/schema\/person\/c7f8c86c55c1eab44ae2b93a9628245f"},"headline":"ABRIR\u00c1N OFICINA DE DEFENSA DEL CONSUMIDOR EN CELAYA.","datePublished":"2025-03-28T23:15:42+00:00","mainEntityOfPage":{"@id":"https:\/\/elhijodelllanero.mx\/index.php\/2025\/03\/28\/abriran-oficina-de-defensa-del-consumidor-en-celaya\/"},"wordCount":386,"commentCount":0,"image":{"@id":"https:\/\/elhijodelllanero.mx\/index.php\/2025\/03\/28\/abriran-oficina-de-defensa-del-consumidor-en-celaya\/#primaryimage"},"thumbnailUrl":"https:\/\/elhijodelllanero.mx\/wp-content\/uploads\/2025\/03\/20250328_170941-COLLAGE-300x300.jpg","articleSection":["CELAYA"],"inLanguage":"es","potentialAction":[{"@type":"CommentAction","name":"Comment","target":["https:\/\/elhijodelllanero.mx\/index.php\/2025\/03\/28\/abriran-oficina-de-defensa-del-consumidor-en-celaya\/#respond"]}]},{"@type":"WebPage","@id":"https:\/\/elhijodelllanero.mx\/index.php\/2025\/03\/28\/abriran-oficina-de-defensa-del-consumidor-en-celaya\/","url":"https:\/\/elhijodelllanero.mx\/index.php\/2025\/03\/28\/abriran-oficina-de-defensa-del-consumidor-en-celaya\/","name":"ABRIR\u00c1N OFICINA DE DEFENSA DEL CONSUMIDOR EN CELAYA. - El Hijo del llanero solititito","isPartOf":{"@id":"https:\/\/elhijodelllanero.mx\/#website"},"primaryImageOfPage":{"@id":"https:\/\/elhijodelllanero.mx\/index.php\/2025\/03\/28\/abriran-oficina-de-defensa-del-consumidor-en-celaya\/#primaryimage"},"image":{"@id":"https:\/\/elhijodelllanero.mx\/index.php\/2025\/03\/28\/abriran-oficina-de-defensa-del-consumidor-en-celaya\/#primaryimage"},"thumbnailUrl":"https:\/\/elhijodelllanero.mx\/wp-content\/uploads\/2025\/03\/20250328_170941-COLLAGE-300x300.jpg","datePublished":"2025-03-28T23:15:42+00:00","author":{"@id":"https:\/\/elhijodelllanero.mx\/#\/schema\/person\/c7f8c86c55c1eab44ae2b93a9628245f"},"breadcrumb":{"@id":"https:\/\/elhijodelllanero.mx\/index.php\/2025\/03\/28\/abriran-oficina-de-defensa-del-consumidor-en-celaya\/#breadcrumb"},"inLanguage":"es","potentialAction":[{"@type":"ReadAction","target":["https:\/\/elhijodelllanero.mx\/index.php\/2025\/03\/28\/abriran-oficina-de-defensa-del-consumidor-en-celaya\/"]}]},{"@type":"ImageObject","inLanguage":"es","@id":"https:\/\/elhijodelllanero.mx\/index.php\/2025\/03\/28\/abriran-oficina-de-defensa-del-consumidor-en-celaya\/#primaryimage","url":"https:\/\/i0.wp.com\/elhijodelllanero.mx\/wp-content\/uploads\/2025\/03\/20250328_170941-COLLAGE-scaled.jpg?fit=2560%2C2560&ssl=1","contentUrl":"https:\/\/i0.wp.com\/elhijodelllanero.mx\/wp-content\/uploads\/2025\/03\/20250328_170941-COLLAGE-scaled.jpg?fit=2560%2C2560&ssl=1","width":2560,"height":2560},{"@type":"BreadcrumbList","@id":"https:\/\/elhijodelllanero.mx\/index.php\/2025\/03\/28\/abriran-oficina-de-defensa-del-consumidor-en-celaya\/#breadcrumb","itemListElement":[{"@type":"ListItem","position":1,"name":"Portada","item":"https:\/\/elhijodelllanero.mx\/"},{"@type":"ListItem","position":2,"name":"ABRIR\u00c1N OFICINA DE DEFENSA DEL CONSUMIDOR EN CELAYA."}]},{"@type":"WebSite","@id":"https:\/\/elhijodelllanero.mx\/#website","url":"https:\/\/elhijodelllanero.mx\/","name":"El Hijo del llanero solititito","description":"","potentialAction":[{"@type":"SearchAction","target":{"@type":"EntryPoint","urlTemplate":"https:\/\/elhijodelllanero.mx\/?s={search_term_string}"},"query-input":{"@type":"PropertyValueSpecification","valueRequired":true,"valueName":"search_term_string"}}],"inLanguage":"es"},{"@type":"Person","@id":"https:\/\/elhijodelllanero.mx\/#\/schema\/person\/c7f8c86c55c1eab44ae2b93a9628245f","name":"Mar\u00eda de la Paz Rodarte Ram\u00edrez","image":{"@type":"ImageObject","inLanguage":"es","@id":"https:\/\/secure.gravatar.com\/avatar\/1f38f8518b09a266af73da2bce78d69e7d1275299970134ed62f572e0487e1d0?s=96&d=mm&r=g","url":"https:\/\/secure.gravatar.com\/avatar\/1f38f8518b09a266af73da2bce78d69e7d1275299970134ed62f572e0487e1d0?s=96&d=mm&r=g","contentUrl":"https:\/\/secure.gravatar.com\/avatar\/1f38f8518b09a266af73da2bce78d69e7d1275299970134ed62f572e0487e1d0?s=96&d=mm&r=g","caption":"Mar\u00eda de la Paz Rodarte Ram\u00edrez"},"sameAs":["https:\/\/www.elhijodelllanero.mx"],"url":"https:\/\/elhijodelllanero.mx\/index.php\/author\/maricuas\/"}]}},"jetpack_featured_media_url":"","jetpack-related-posts":[],"jetpack_sharing_enabled":true,"_links":{"self":[{"href":"https:\/\/elhijodelllanero.mx\/index.php\/wp-json\/wp\/v2\/posts\/9699","targetHints":{"allow":["GET"]}}],"collection":[{"href":"https:\/\/elhijodelllanero.mx\/index.php\/wp-json\/wp\/v2\/posts"}],"about":[{"href":"https:\/\/elhijodelllanero.mx\/index.php\/wp-json\/wp\/v2\/types\/post"}],"author":[{"embeddable":true,"href":"https:\/\/elhijodelllanero.mx\/index.php\/wp-json\/wp\/v2\/users\/3"}],"replies":[{"embeddable":true,"href":"https:\/\/elhijodelllanero.mx\/index.php\/wp-json\/wp\/v2\/comments?post=9699"}],"version-history":[{"count":1,"href":"https:\/\/elhijodelllanero.mx\/index.php\/wp-json\/wp\/v2\/posts\/9699\/revisions"}],"predecessor-version":[{"id":9701,"href":"https:\/\/elhijodelllanero.mx\/index.php\/wp-json\/wp\/v2\/posts\/9699\/revisions\/9701"}],"wp:attachment":[{"href":"https:\/\/elhijodelllanero.mx\/index.php\/wp-json\/wp\/v2\/media?parent=9699"}],"wp:term":[{"taxonomy":"category","embeddable":true,"href":"https:\/\/elhijodelllanero.mx\/index.php\/wp-json\/wp\/v2\/categories?post=9699"},{"taxonomy":"post_tag","embeddable":true,"href":"https:\/\/elhijodelllanero.mx\/index.php\/wp-json\/wp\/v2\/tags?post=9699"}],"curies":[{"name":"wp","href":"https:\/\/api.w.org\/{rel}","templated":true}]}}