{"id":9702,"date":"2025-03-28T23:20:00","date_gmt":"2025-03-28T23:20:00","guid":{"rendered":"https:\/\/elhijodelllanero.mx\/?p=9702"},"modified":"2025-03-28T23:20:00","modified_gmt":"2025-03-28T23:20:00","slug":"mi-profe-en-linea-apoyo-academico-personalizado-en-todo-guanajuato","status":"publish","type":"post","link":"https:\/\/elhijodelllanero.mx\/index.php\/2025\/03\/28\/mi-profe-en-linea-apoyo-academico-personalizado-en-todo-guanajuato\/","title":{"rendered":"\u201cMI PROFE EN LINEA\u201d, APOYO ACAD\u00c9MICO PERSONALIZADO EN TODO GUANAJUATO."},"content":{"rendered":"<p><img data-recalc-dims=\"1\" loading=\"lazy\" decoding=\"async\" class=\"alignnone size-medium wp-image-9703\" src=\"https:\/\/i0.wp.com\/elhijodelllanero.mx\/wp-content\/uploads\/2025\/03\/20250328_170904-COLLAGE.jpg?resize=300%2C225&#038;ssl=1\" alt=\"\" width=\"300\" height=\"225\" srcset=\"https:\/\/i0.wp.com\/elhijodelllanero.mx\/wp-content\/uploads\/2025\/03\/20250328_170904-COLLAGE-scaled.jpg?resize=300%2C225&amp;ssl=1 300w, https:\/\/i0.wp.com\/elhijodelllanero.mx\/wp-content\/uploads\/2025\/03\/20250328_170904-COLLAGE-scaled.jpg?resize=1024%2C769&amp;ssl=1 1024w, https:\/\/i0.wp.com\/elhijodelllanero.mx\/wp-content\/uploads\/2025\/03\/20250328_170904-COLLAGE-scaled.jpg?resize=768%2C577&amp;ssl=1 768w, https:\/\/i0.wp.com\/elhijodelllanero.mx\/wp-content\/uploads\/2025\/03\/20250328_170904-COLLAGE-scaled.jpg?resize=1536%2C1154&amp;ssl=1 1536w, https:\/\/i0.wp.com\/elhijodelllanero.mx\/wp-content\/uploads\/2025\/03\/20250328_170904-COLLAGE-scaled.jpg?resize=2048%2C1538&amp;ssl=1 2048w, https:\/\/i0.wp.com\/elhijodelllanero.mx\/wp-content\/uploads\/2025\/03\/20250328_170904-COLLAGE-scaled.jpg?resize=559%2C420&amp;ssl=1 559w, https:\/\/i0.wp.com\/elhijodelllanero.mx\/wp-content\/uploads\/2025\/03\/20250328_170904-COLLAGE-scaled.jpg?resize=80%2C60&amp;ssl=1 80w, https:\/\/i0.wp.com\/elhijodelllanero.mx\/wp-content\/uploads\/2025\/03\/20250328_170904-COLLAGE-scaled.jpg?resize=696%2C523&amp;ssl=1 696w, https:\/\/i0.wp.com\/elhijodelllanero.mx\/wp-content\/uploads\/2025\/03\/20250328_170904-COLLAGE-scaled.jpg?resize=1068%2C802&amp;ssl=1 1068w, https:\/\/i0.wp.com\/elhijodelllanero.mx\/wp-content\/uploads\/2025\/03\/20250328_170904-COLLAGE-scaled.jpg?resize=1920%2C1442&amp;ssl=1 1920w, https:\/\/i0.wp.com\/elhijodelllanero.mx\/wp-content\/uploads\/2025\/03\/20250328_170904-COLLAGE-scaled.jpg?w=1392&amp;ssl=1 1392w\" sizes=\"auto, (max-width: 300px) 100vw, 300px\" \/><\/p>\n<p>Guanajuato, Gto. 27 de marzo de 2025.- La Secretar\u00eda de Educaci\u00f3n de Guanajuato (SEG) ha lanzado \u201cMi profe en l\u00ednea\u201d, un programa innovador que ofrece asesor\u00edas acad\u00e9micas personalizadas y gratuitas para estudiantes de toda la entidad.<\/p>\n<p>Esta plataforma brinda apoyo en tiempo real a trav\u00e9s de llamadas telef\u00f3nicas y sesiones en l\u00ednea, a cargo de docentes con experiencia en el aula, que se ajustan a las necesidades espec\u00edficas de cada estudiante.<\/p>\n<p>Durante su inauguraci\u00f3n, el Secretario de Educaci\u00f3n, Luis Ignacio S\u00e1nchez G\u00f3mez, destac\u00f3 el objetivo de llevar este servicio a todos los rincones del estado, asegurando que tanto estudiantes como familias reciban el acompa\u00f1amiento necesario en su proceso educativo. Adem\u00e1s, destac\u00f3 que el programa cuenta con el respaldo de la gobernadora Libia Dennise Garc\u00eda Mu\u00f1oz Ledo, quien subray\u00f3 la importancia de priorizar el bienestar y la educaci\u00f3n de cada ni\u00f1o y joven de Guanajuato.<\/p>\n<p>Para acceder a la asesor\u00eda, solo es necesario comunicarse al n\u00famero 473 735 10 01 o escribir al correo electr\u00f3nico miprofeenlinea@seg.guanajuato.gob.mx. El horario de atenci\u00f3n es de lunes a viernes, de 11:00 a.m. a 7:00 p.m. Tambi\u00e9n se puede consultar material de apoyo en el sitio web oficial: https:\/\/www.seg.guanajuato.gob.mx\/MiProfeEnLinea<\/p>\n<p>Adem\u00e1s de la asesor\u00eda telef\u00f3nica, \u201cMi profe en l\u00ednea\u201d ofrece una plataforma digital que cuenta con diversos recursos educativos, como videos, tutoriales, p\u00f3dcast, simuladores de ex\u00e1menes, c\u00e1psulas tem\u00e1ticas y libros digitales. El programa tambi\u00e9n pone a disposici\u00f3n un aula virtual para cursos, talleres, conferencias y asesor\u00edas grupales, beneficiando no solo a los estudiantes, sino tambi\u00e9n a los padres de familia.<\/p>\n<p>El objetivo principal de \u201cMi profe en l\u00ednea\u201d es ofrecer un servicio cercano y emp\u00e1tico que permita mejorar los niveles de aprendizaje en el estado. El programa est\u00e1 dise\u00f1ado especialmente para apoyar a aquellos estudiantes que presentan rezago acad\u00e9mico, que est\u00e1n en riesgo de deserci\u00f3n o que han ingresado de manera extempor\u00e1nea al sistema educativo, con el fin de fortalecer los procesos de ense\u00f1anza-aprendizaje.<\/p>\n<p>En su primera etapa, \u201cMi profe en l\u00ednea\u201d atender\u00e1 a estudiantes de educaci\u00f3n b\u00e1sica, desde nivel inicial y preescolar hasta secundaria. A medida que el programa avance, se ampliar\u00e1 para incluir a estudiantes de educaci\u00f3n media superior.<\/p>\n<p>Con esta iniciativa, la Secretar\u00eda de Educaci\u00f3n de Guanajuato reafirma su compromiso con una educaci\u00f3n de calidad, garantizando que cada ni\u00f1o y joven del estado tenga acceso a un aprendizaje integral y equitativo.<\/p>\n","protected":false},"excerpt":{"rendered":"<p>Guanajuato, Gto. 27 de marzo de 2025.- La Secretar\u00eda de Educaci\u00f3n de Guanajuato (SEG) ha lanzado \u201cMi profe en l\u00ednea\u201d, un programa innovador que ofrece asesor\u00edas acad\u00e9micas personalizadas y gratuitas para estudiantes de toda la entidad. Esta plataforma brinda apoyo en tiempo real a trav\u00e9s de llamadas telef\u00f3nicas y sesiones en l\u00ednea, a cargo de [&hellip;]<\/p>\n","protected":false},"author":3,"featured_media":0,"comment_status":"open","ping_status":"closed","sticky":false,"template":"","format":"standard","meta":{"_jetpack_newsletter_access":"","_jetpack_dont_email_post_to_subs":false,"_jetpack_newsletter_tier_id":0,"_jetpack_memberships_contains_paywalled_content":false,"_jetpack_memberships_contains_paid_content":false,"footnotes":""},"categories":[38],"tags":[],"class_list":{"0":"post-9702","1":"post","2":"type-post","3":"status-publish","4":"format-standard","6":"category-estado"},"yoast_head":"<!-- This site is optimized with the Yoast SEO plugin v27.3 - https:\/\/yoast.com\/product\/yoast-seo-wordpress\/ -->\n<title>\u201cMI PROFE EN LINEA\u201d, APOYO ACAD\u00c9MICO PERSONALIZADO EN TODO GUANAJUATO. - El Hijo del llanero solititito<\/title>\n<meta name=\"robots\" content=\"index, follow, max-snippet:-1, max-image-preview:large, max-video-preview:-1\" \/>\n<link rel=\"canonical\" href=\"https:\/\/elhijodelllanero.mx\/index.php\/2025\/03\/28\/mi-profe-en-linea-apoyo-academico-personalizado-en-todo-guanajuato\/\" \/>\n<meta property=\"og:locale\" content=\"es_ES\" \/>\n<meta property=\"og:type\" content=\"article\" \/>\n<meta property=\"og:title\" content=\"\u201cMI PROFE EN LINEA\u201d, APOYO ACAD\u00c9MICO PERSONALIZADO EN TODO GUANAJUATO. - El Hijo del llanero solititito\" \/>\n<meta property=\"og:description\" content=\"Guanajuato, Gto. 27 de marzo de 2025.- La Secretar\u00eda de Educaci\u00f3n de Guanajuato (SEG) ha lanzado \u201cMi profe en l\u00ednea\u201d, un programa innovador que ofrece asesor\u00edas acad\u00e9micas personalizadas y gratuitas para estudiantes de toda la entidad. Esta plataforma brinda apoyo en tiempo real a trav\u00e9s de llamadas telef\u00f3nicas y sesiones en l\u00ednea, a cargo de [&hellip;]\" \/>\n<meta property=\"og:url\" content=\"https:\/\/elhijodelllanero.mx\/index.php\/2025\/03\/28\/mi-profe-en-linea-apoyo-academico-personalizado-en-todo-guanajuato\/\" \/>\n<meta property=\"og:site_name\" content=\"El Hijo del llanero solititito\" \/>\n<meta property=\"article:published_time\" content=\"2025-03-28T23:20:00+00:00\" \/>\n<meta property=\"og:image\" content=\"https:\/\/elhijodelllanero.mx\/wp-content\/uploads\/2025\/03\/20250328_170904-COLLAGE-300x225.jpg\" \/>\n<meta name=\"author\" content=\"Mar\u00eda de la Paz Rodarte Ram\u00edrez\" \/>\n<meta name=\"twitter:card\" content=\"summary_large_image\" \/>\n<meta name=\"twitter:label1\" content=\"Escrito por\" \/>\n\t<meta name=\"twitter:data1\" content=\"Mar\u00eda de la Paz Rodarte Ram\u00edrez\" \/>\n\t<meta name=\"twitter:label2\" content=\"Tiempo de lectura\" \/>\n\t<meta name=\"twitter:data2\" content=\"2 minutos\" \/>\n<script type=\"application\/ld+json\" class=\"yoast-schema-graph\">{\"@context\":\"https:\\\/\\\/schema.org\",\"@graph\":[{\"@type\":\"Article\",\"@id\":\"https:\\\/\\\/elhijodelllanero.mx\\\/index.php\\\/2025\\\/03\\\/28\\\/mi-profe-en-linea-apoyo-academico-personalizado-en-todo-guanajuato\\\/#article\",\"isPartOf\":{\"@id\":\"https:\\\/\\\/elhijodelllanero.mx\\\/index.php\\\/2025\\\/03\\\/28\\\/mi-profe-en-linea-apoyo-academico-personalizado-en-todo-guanajuato\\\/\"},\"author\":{\"name\":\"Mar\u00eda de la Paz Rodarte Ram\u00edrez\",\"@id\":\"https:\\\/\\\/elhijodelllanero.mx\\\/#\\\/schema\\\/person\\\/c7f8c86c55c1eab44ae2b93a9628245f\"},\"headline\":\"\u201cMI PROFE EN LINEA\u201d, APOYO ACAD\u00c9MICO PERSONALIZADO EN TODO GUANAJUATO.\",\"datePublished\":\"2025-03-28T23:20:00+00:00\",\"mainEntityOfPage\":{\"@id\":\"https:\\\/\\\/elhijodelllanero.mx\\\/index.php\\\/2025\\\/03\\\/28\\\/mi-profe-en-linea-apoyo-academico-personalizado-en-todo-guanajuato\\\/\"},\"wordCount\":455,\"commentCount\":0,\"image\":{\"@id\":\"https:\\\/\\\/elhijodelllanero.mx\\\/index.php\\\/2025\\\/03\\\/28\\\/mi-profe-en-linea-apoyo-academico-personalizado-en-todo-guanajuato\\\/#primaryimage\"},\"thumbnailUrl\":\"https:\\\/\\\/elhijodelllanero.mx\\\/wp-content\\\/uploads\\\/2025\\\/03\\\/20250328_170904-COLLAGE-300x225.jpg\",\"articleSection\":[\"ESTADO\"],\"inLanguage\":\"es\",\"potentialAction\":[{\"@type\":\"CommentAction\",\"name\":\"Comment\",\"target\":[\"https:\\\/\\\/elhijodelllanero.mx\\\/index.php\\\/2025\\\/03\\\/28\\\/mi-profe-en-linea-apoyo-academico-personalizado-en-todo-guanajuato\\\/#respond\"]}]},{\"@type\":\"WebPage\",\"@id\":\"https:\\\/\\\/elhijodelllanero.mx\\\/index.php\\\/2025\\\/03\\\/28\\\/mi-profe-en-linea-apoyo-academico-personalizado-en-todo-guanajuato\\\/\",\"url\":\"https:\\\/\\\/elhijodelllanero.mx\\\/index.php\\\/2025\\\/03\\\/28\\\/mi-profe-en-linea-apoyo-academico-personalizado-en-todo-guanajuato\\\/\",\"name\":\"\u201cMI PROFE EN LINEA\u201d, APOYO ACAD\u00c9MICO PERSONALIZADO EN TODO GUANAJUATO. - El Hijo del llanero solititito\",\"isPartOf\":{\"@id\":\"https:\\\/\\\/elhijodelllanero.mx\\\/#website\"},\"primaryImageOfPage\":{\"@id\":\"https:\\\/\\\/elhijodelllanero.mx\\\/index.php\\\/2025\\\/03\\\/28\\\/mi-profe-en-linea-apoyo-academico-personalizado-en-todo-guanajuato\\\/#primaryimage\"},\"image\":{\"@id\":\"https:\\\/\\\/elhijodelllanero.mx\\\/index.php\\\/2025\\\/03\\\/28\\\/mi-profe-en-linea-apoyo-academico-personalizado-en-todo-guanajuato\\\/#primaryimage\"},\"thumbnailUrl\":\"https:\\\/\\\/elhijodelllanero.mx\\\/wp-content\\\/uploads\\\/2025\\\/03\\\/20250328_170904-COLLAGE-300x225.jpg\",\"datePublished\":\"2025-03-28T23:20:00+00:00\",\"author\":{\"@id\":\"https:\\\/\\\/elhijodelllanero.mx\\\/#\\\/schema\\\/person\\\/c7f8c86c55c1eab44ae2b93a9628245f\"},\"breadcrumb\":{\"@id\":\"https:\\\/\\\/elhijodelllanero.mx\\\/index.php\\\/2025\\\/03\\\/28\\\/mi-profe-en-linea-apoyo-academico-personalizado-en-todo-guanajuato\\\/#breadcrumb\"},\"inLanguage\":\"es\",\"potentialAction\":[{\"@type\":\"ReadAction\",\"target\":[\"https:\\\/\\\/elhijodelllanero.mx\\\/index.php\\\/2025\\\/03\\\/28\\\/mi-profe-en-linea-apoyo-academico-personalizado-en-todo-guanajuato\\\/\"]}]},{\"@type\":\"ImageObject\",\"inLanguage\":\"es\",\"@id\":\"https:\\\/\\\/elhijodelllanero.mx\\\/index.php\\\/2025\\\/03\\\/28\\\/mi-profe-en-linea-apoyo-academico-personalizado-en-todo-guanajuato\\\/#primaryimage\",\"url\":\"https:\\\/\\\/i0.wp.com\\\/elhijodelllanero.mx\\\/wp-content\\\/uploads\\\/2025\\\/03\\\/20250328_170904-COLLAGE-scaled.jpg?fit=2560%2C1923&ssl=1\",\"contentUrl\":\"https:\\\/\\\/i0.wp.com\\\/elhijodelllanero.mx\\\/wp-content\\\/uploads\\\/2025\\\/03\\\/20250328_170904-COLLAGE-scaled.jpg?fit=2560%2C1923&ssl=1\",\"width\":2560,\"height\":1923},{\"@type\":\"BreadcrumbList\",\"@id\":\"https:\\\/\\\/elhijodelllanero.mx\\\/index.php\\\/2025\\\/03\\\/28\\\/mi-profe-en-linea-apoyo-academico-personalizado-en-todo-guanajuato\\\/#breadcrumb\",\"itemListElement\":[{\"@type\":\"ListItem\",\"position\":1,\"name\":\"Portada\",\"item\":\"https:\\\/\\\/elhijodelllanero.mx\\\/\"},{\"@type\":\"ListItem\",\"position\":2,\"name\":\"\u201cMI PROFE EN LINEA\u201d, APOYO ACAD\u00c9MICO PERSONALIZADO EN TODO GUANAJUATO.\"}]},{\"@type\":\"WebSite\",\"@id\":\"https:\\\/\\\/elhijodelllanero.mx\\\/#website\",\"url\":\"https:\\\/\\\/elhijodelllanero.mx\\\/\",\"name\":\"El Hijo del llanero solititito\",\"description\":\"\",\"potentialAction\":[{\"@type\":\"SearchAction\",\"target\":{\"@type\":\"EntryPoint\",\"urlTemplate\":\"https:\\\/\\\/elhijodelllanero.mx\\\/?s={search_term_string}\"},\"query-input\":{\"@type\":\"PropertyValueSpecification\",\"valueRequired\":true,\"valueName\":\"search_term_string\"}}],\"inLanguage\":\"es\"},{\"@type\":\"Person\",\"@id\":\"https:\\\/\\\/elhijodelllanero.mx\\\/#\\\/schema\\\/person\\\/c7f8c86c55c1eab44ae2b93a9628245f\",\"name\":\"Mar\u00eda de la Paz Rodarte Ram\u00edrez\",\"image\":{\"@type\":\"ImageObject\",\"inLanguage\":\"es\",\"@id\":\"https:\\\/\\\/secure.gravatar.com\\\/avatar\\\/1f38f8518b09a266af73da2bce78d69e7d1275299970134ed62f572e0487e1d0?s=96&d=mm&r=g\",\"url\":\"https:\\\/\\\/secure.gravatar.com\\\/avatar\\\/1f38f8518b09a266af73da2bce78d69e7d1275299970134ed62f572e0487e1d0?s=96&d=mm&r=g\",\"contentUrl\":\"https:\\\/\\\/secure.gravatar.com\\\/avatar\\\/1f38f8518b09a266af73da2bce78d69e7d1275299970134ed62f572e0487e1d0?s=96&d=mm&r=g\",\"caption\":\"Mar\u00eda de la Paz Rodarte Ram\u00edrez\"},\"sameAs\":[\"https:\\\/\\\/www.elhijodelllanero.mx\"],\"url\":\"https:\\\/\\\/elhijodelllanero.mx\\\/index.php\\\/author\\\/maricuas\\\/\"}]}<\/script>\n<!-- \/ Yoast SEO plugin. -->","yoast_head_json":{"title":"\u201cMI PROFE EN LINEA\u201d, APOYO ACAD\u00c9MICO PERSONALIZADO EN TODO GUANAJUATO. - El Hijo del llanero solititito","robots":{"index":"index","follow":"follow","max-snippet":"max-snippet:-1","max-image-preview":"max-image-preview:large","max-video-preview":"max-video-preview:-1"},"canonical":"https:\/\/elhijodelllanero.mx\/index.php\/2025\/03\/28\/mi-profe-en-linea-apoyo-academico-personalizado-en-todo-guanajuato\/","og_locale":"es_ES","og_type":"article","og_title":"\u201cMI PROFE EN LINEA\u201d, APOYO ACAD\u00c9MICO PERSONALIZADO EN TODO GUANAJUATO. - El Hijo del llanero solititito","og_description":"Guanajuato, Gto. 27 de marzo de 2025.- La Secretar\u00eda de Educaci\u00f3n de Guanajuato (SEG) ha lanzado \u201cMi profe en l\u00ednea\u201d, un programa innovador que ofrece asesor\u00edas acad\u00e9micas personalizadas y gratuitas para estudiantes de toda la entidad. Esta plataforma brinda apoyo en tiempo real a trav\u00e9s de llamadas telef\u00f3nicas y sesiones en l\u00ednea, a cargo de [&hellip;]","og_url":"https:\/\/elhijodelllanero.mx\/index.php\/2025\/03\/28\/mi-profe-en-linea-apoyo-academico-personalizado-en-todo-guanajuato\/","og_site_name":"El Hijo del llanero solititito","article_published_time":"2025-03-28T23:20:00+00:00","og_image":[{"url":"https:\/\/elhijodelllanero.mx\/wp-content\/uploads\/2025\/03\/20250328_170904-COLLAGE-300x225.jpg","type":"","width":"","height":""}],"author":"Mar\u00eda de la Paz Rodarte Ram\u00edrez","twitter_card":"summary_large_image","twitter_misc":{"Escrito por":"Mar\u00eda de la Paz Rodarte Ram\u00edrez","Tiempo de lectura":"2 minutos"},"schema":{"@context":"https:\/\/schema.org","@graph":[{"@type":"Article","@id":"https:\/\/elhijodelllanero.mx\/index.php\/2025\/03\/28\/mi-profe-en-linea-apoyo-academico-personalizado-en-todo-guanajuato\/#article","isPartOf":{"@id":"https:\/\/elhijodelllanero.mx\/index.php\/2025\/03\/28\/mi-profe-en-linea-apoyo-academico-personalizado-en-todo-guanajuato\/"},"author":{"name":"Mar\u00eda de la Paz Rodarte Ram\u00edrez","@id":"https:\/\/elhijodelllanero.mx\/#\/schema\/person\/c7f8c86c55c1eab44ae2b93a9628245f"},"headline":"\u201cMI PROFE EN LINEA\u201d, APOYO ACAD\u00c9MICO PERSONALIZADO EN TODO GUANAJUATO.","datePublished":"2025-03-28T23:20:00+00:00","mainEntityOfPage":{"@id":"https:\/\/elhijodelllanero.mx\/index.php\/2025\/03\/28\/mi-profe-en-linea-apoyo-academico-personalizado-en-todo-guanajuato\/"},"wordCount":455,"commentCount":0,"image":{"@id":"https:\/\/elhijodelllanero.mx\/index.php\/2025\/03\/28\/mi-profe-en-linea-apoyo-academico-personalizado-en-todo-guanajuato\/#primaryimage"},"thumbnailUrl":"https:\/\/elhijodelllanero.mx\/wp-content\/uploads\/2025\/03\/20250328_170904-COLLAGE-300x225.jpg","articleSection":["ESTADO"],"inLanguage":"es","potentialAction":[{"@type":"CommentAction","name":"Comment","target":["https:\/\/elhijodelllanero.mx\/index.php\/2025\/03\/28\/mi-profe-en-linea-apoyo-academico-personalizado-en-todo-guanajuato\/#respond"]}]},{"@type":"WebPage","@id":"https:\/\/elhijodelllanero.mx\/index.php\/2025\/03\/28\/mi-profe-en-linea-apoyo-academico-personalizado-en-todo-guanajuato\/","url":"https:\/\/elhijodelllanero.mx\/index.php\/2025\/03\/28\/mi-profe-en-linea-apoyo-academico-personalizado-en-todo-guanajuato\/","name":"\u201cMI PROFE EN LINEA\u201d, APOYO ACAD\u00c9MICO PERSONALIZADO EN TODO GUANAJUATO. - El Hijo del llanero solititito","isPartOf":{"@id":"https:\/\/elhijodelllanero.mx\/#website"},"primaryImageOfPage":{"@id":"https:\/\/elhijodelllanero.mx\/index.php\/2025\/03\/28\/mi-profe-en-linea-apoyo-academico-personalizado-en-todo-guanajuato\/#primaryimage"},"image":{"@id":"https:\/\/elhijodelllanero.mx\/index.php\/2025\/03\/28\/mi-profe-en-linea-apoyo-academico-personalizado-en-todo-guanajuato\/#primaryimage"},"thumbnailUrl":"https:\/\/elhijodelllanero.mx\/wp-content\/uploads\/2025\/03\/20250328_170904-COLLAGE-300x225.jpg","datePublished":"2025-03-28T23:20:00+00:00","author":{"@id":"https:\/\/elhijodelllanero.mx\/#\/schema\/person\/c7f8c86c55c1eab44ae2b93a9628245f"},"breadcrumb":{"@id":"https:\/\/elhijodelllanero.mx\/index.php\/2025\/03\/28\/mi-profe-en-linea-apoyo-academico-personalizado-en-todo-guanajuato\/#breadcrumb"},"inLanguage":"es","potentialAction":[{"@type":"ReadAction","target":["https:\/\/elhijodelllanero.mx\/index.php\/2025\/03\/28\/mi-profe-en-linea-apoyo-academico-personalizado-en-todo-guanajuato\/"]}]},{"@type":"ImageObject","inLanguage":"es","@id":"https:\/\/elhijodelllanero.mx\/index.php\/2025\/03\/28\/mi-profe-en-linea-apoyo-academico-personalizado-en-todo-guanajuato\/#primaryimage","url":"https:\/\/i0.wp.com\/elhijodelllanero.mx\/wp-content\/uploads\/2025\/03\/20250328_170904-COLLAGE-scaled.jpg?fit=2560%2C1923&ssl=1","contentUrl":"https:\/\/i0.wp.com\/elhijodelllanero.mx\/wp-content\/uploads\/2025\/03\/20250328_170904-COLLAGE-scaled.jpg?fit=2560%2C1923&ssl=1","width":2560,"height":1923},{"@type":"BreadcrumbList","@id":"https:\/\/elhijodelllanero.mx\/index.php\/2025\/03\/28\/mi-profe-en-linea-apoyo-academico-personalizado-en-todo-guanajuato\/#breadcrumb","itemListElement":[{"@type":"ListItem","position":1,"name":"Portada","item":"https:\/\/elhijodelllanero.mx\/"},{"@type":"ListItem","position":2,"name":"\u201cMI PROFE EN LINEA\u201d, APOYO ACAD\u00c9MICO PERSONALIZADO EN TODO GUANAJUATO."}]},{"@type":"WebSite","@id":"https:\/\/elhijodelllanero.mx\/#website","url":"https:\/\/elhijodelllanero.mx\/","name":"El Hijo del llanero solititito","description":"","potentialAction":[{"@type":"SearchAction","target":{"@type":"EntryPoint","urlTemplate":"https:\/\/elhijodelllanero.mx\/?s={search_term_string}"},"query-input":{"@type":"PropertyValueSpecification","valueRequired":true,"valueName":"search_term_string"}}],"inLanguage":"es"},{"@type":"Person","@id":"https:\/\/elhijodelllanero.mx\/#\/schema\/person\/c7f8c86c55c1eab44ae2b93a9628245f","name":"Mar\u00eda de la Paz Rodarte Ram\u00edrez","image":{"@type":"ImageObject","inLanguage":"es","@id":"https:\/\/secure.gravatar.com\/avatar\/1f38f8518b09a266af73da2bce78d69e7d1275299970134ed62f572e0487e1d0?s=96&d=mm&r=g","url":"https:\/\/secure.gravatar.com\/avatar\/1f38f8518b09a266af73da2bce78d69e7d1275299970134ed62f572e0487e1d0?s=96&d=mm&r=g","contentUrl":"https:\/\/secure.gravatar.com\/avatar\/1f38f8518b09a266af73da2bce78d69e7d1275299970134ed62f572e0487e1d0?s=96&d=mm&r=g","caption":"Mar\u00eda de la Paz Rodarte Ram\u00edrez"},"sameAs":["https:\/\/www.elhijodelllanero.mx"],"url":"https:\/\/elhijodelllanero.mx\/index.php\/author\/maricuas\/"}]}},"jetpack_featured_media_url":"","jetpack-related-posts":[],"jetpack_sharing_enabled":true,"_links":{"self":[{"href":"https:\/\/elhijodelllanero.mx\/index.php\/wp-json\/wp\/v2\/posts\/9702","targetHints":{"allow":["GET"]}}],"collection":[{"href":"https:\/\/elhijodelllanero.mx\/index.php\/wp-json\/wp\/v2\/posts"}],"about":[{"href":"https:\/\/elhijodelllanero.mx\/index.php\/wp-json\/wp\/v2\/types\/post"}],"author":[{"embeddable":true,"href":"https:\/\/elhijodelllanero.mx\/index.php\/wp-json\/wp\/v2\/users\/3"}],"replies":[{"embeddable":true,"href":"https:\/\/elhijodelllanero.mx\/index.php\/wp-json\/wp\/v2\/comments?post=9702"}],"version-history":[{"count":1,"href":"https:\/\/elhijodelllanero.mx\/index.php\/wp-json\/wp\/v2\/posts\/9702\/revisions"}],"predecessor-version":[{"id":9704,"href":"https:\/\/elhijodelllanero.mx\/index.php\/wp-json\/wp\/v2\/posts\/9702\/revisions\/9704"}],"wp:attachment":[{"href":"https:\/\/elhijodelllanero.mx\/index.php\/wp-json\/wp\/v2\/media?parent=9702"}],"wp:term":[{"taxonomy":"category","embeddable":true,"href":"https:\/\/elhijodelllanero.mx\/index.php\/wp-json\/wp\/v2\/categories?post=9702"},{"taxonomy":"post_tag","embeddable":true,"href":"https:\/\/elhijodelllanero.mx\/index.php\/wp-json\/wp\/v2\/tags?post=9702"}],"curies":[{"name":"wp","href":"https:\/\/api.w.org\/{rel}","templated":true}]}}