{"id":9706,"date":"2025-03-28T23:49:01","date_gmt":"2025-03-28T23:49:01","guid":{"rendered":"https:\/\/elhijodelllanero.mx\/?p=9706"},"modified":"2025-03-28T23:49:01","modified_gmt":"2025-03-28T23:49:01","slug":"madrinas-deacero-detectan-necesidades-de-alumbrado-publico-en-tres-comunidades-de-villagran","status":"publish","type":"post","link":"https:\/\/elhijodelllanero.mx\/index.php\/2025\/03\/28\/madrinas-deacero-detectan-necesidades-de-alumbrado-publico-en-tres-comunidades-de-villagran\/","title":{"rendered":"\u201cMadrinas DeAcero\u201d detectan necesidades de alumbrado p\u00fablico en tres comunidades de Villagr\u00e1n"},"content":{"rendered":"<p>Villagr\u00e1n, Gto. Mar.28.- Los resultados del trabajo que desarrollan las \u201cMadrinas DeAcero\u201d en sus comunidades, fue presentado esta ma\u00f1ana para una evaluaci\u00f3n, y dieron a conocer avances, aunque tambi\u00e9n peticiones para cubrir las carencias. Esto, en seguimiento y tras la reuni\u00f3n previa que sostuvieron este jueves con la presidenta Cinthia Teniente en la escuela de la comunidad de El Chinaco.<br \/>\nLa reuni\u00f3n se realiz\u00f3 en el sal\u00f3n de Cabildos con el s\u00edndico Pedro P\u00e9rez Camacho y los directores de Jumapav, Jes\u00fas Serrano y el de Bienestar y Desarrollo Social Juan Luis Serrano Lerma, las madrinas presentaron los avances de sus actividades en sus comunidades.<br \/>\nAldo Tapia, representantes de la Fundaci\u00f3n DeAcero, fue el coordinador de la junta, y al igual que los funcionarios municipales, escuch\u00f3 los avances del trabajo que realizaron las mujeres para beneficio de los habitantes de las comunidades en torno a la empresa,<br \/>\nDe esta manera, las Madrinas de comunidades como El Cerrito de Yerbas, el Chinaco y El Huizache, se\u00f1alaron que uno de los problemas generales de sus comunidades, es la deficiencia del alumbrado p\u00fablico, y solicitaron que se resuelva.<br \/>\nIndicaron que en algunos casos, cuando los ni\u00f1os van a salen de la escuela, para alumbrarles el camino, algunos padres de familia les ayudan con los faros de sus veh\u00edculos, y denunciaron que al parecer estos problemas se presentan porque el comisionado no est\u00e1 trabajando.<br \/>\nLos funcionarios municipales dijeron que se har\u00e1n cargo de este problema, pues viene desde la administraci\u00f3n anterior, cuando se dio una concesi\u00f3n a una empresa por algunos a\u00f1os, pero que por ahora tiene muchas deficiencias.<br \/>\nOtro reporte que presentaron fue la invitaci\u00f3n que se les hizo a todas las mujeres de las comunidades, para que participaran en ex\u00e1menes para detectar c\u00e1ncer, y aunque reconocieron que hubo sorpresa y recelo al principio, si se hicieron las mastograf\u00edas la mayor\u00eda.<br \/>\nLuego se presentaron reportes de algunos problemas del servicio de agua, pero se les dio una soluci\u00f3n con la construcci\u00f3n de bases fuertes, para contener el peso de una cisterna con gran volumen, colocarles una llave y dotar de agua algunas zonas que no tienen red.<br \/>\nSe explic\u00f3 que en algunas partes no hay servicio del agua, y que un alto costo para colocar la red no se justificar\u00eda, cuando en la zona hay una o dos familias, por ello, una soluci\u00f3n es colocar una cisterna con llave y que de ah\u00ed se sirvan.<br \/>\nPor \u00faltimo se solicit\u00f3 el apoyo de la Jumapav para dar mantenimiento de una de las dos plantas de tratamiento para cubrir las necesidades de la primaria en la comunidad de El Chinaco, y ante esta petici\u00f3n se har\u00e1 la programaci\u00f3n para los d\u00edas siguientes.<br \/>\nTambi\u00e9n se pidi\u00f3 el apoyo de las autoridades municipales, para dar algunos reconocimientos a varios alumnos de secundaria que obtuvieron primeros lugares en competencias de car\u00e1cter estatal y nacional, para que les sirvan de est\u00edmulo e impulsarlos a continuar su preparaci\u00f3n.<br \/>\nSe acord\u00f3 que la pr\u00f3xima reuni\u00f3n se realizar\u00e1 el 14 de abril, para conocer los avances en la soluci\u00f3n de los problemas que tengan en las comunidades, a fin de mejorar sus niveles de vida.<\/p>\n","protected":false},"excerpt":{"rendered":"<p>Villagr\u00e1n, Gto. Mar.28.- Los resultados del trabajo que desarrollan las \u201cMadrinas DeAcero\u201d en sus comunidades, fue presentado esta ma\u00f1ana para una evaluaci\u00f3n, y dieron a conocer avances, aunque tambi\u00e9n peticiones para cubrir las carencias. Esto, en seguimiento y tras la reuni\u00f3n previa que sostuvieron este jueves con la presidenta Cinthia Teniente en la escuela de [&hellip;]<\/p>\n","protected":false},"author":1,"featured_media":9707,"comment_status":"open","ping_status":"closed","sticky":false,"template":"","format":"standard","meta":{"_jetpack_newsletter_access":"","_jetpack_dont_email_post_to_subs":false,"_jetpack_newsletter_tier_id":0,"_jetpack_memberships_contains_paywalled_content":false,"_jetpack_memberships_contains_paid_content":false,"footnotes":""},"categories":[85],"tags":[],"class_list":{"0":"post-9706","1":"post","2":"type-post","3":"status-publish","4":"format-standard","5":"has-post-thumbnail","7":"category-villagran"},"yoast_head":"<!-- This site is optimized with the Yoast SEO plugin v27.3 - https:\/\/yoast.com\/product\/yoast-seo-wordpress\/ -->\n<title>\u201cMadrinas DeAcero\u201d detectan necesidades de alumbrado p\u00fablico en tres comunidades de Villagr\u00e1n - El Hijo del llanero solititito<\/title>\n<meta name=\"robots\" content=\"index, follow, max-snippet:-1, max-image-preview:large, max-video-preview:-1\" \/>\n<link rel=\"canonical\" href=\"https:\/\/elhijodelllanero.mx\/index.php\/2025\/03\/28\/madrinas-deacero-detectan-necesidades-de-alumbrado-publico-en-tres-comunidades-de-villagran\/\" \/>\n<meta property=\"og:locale\" content=\"es_ES\" \/>\n<meta property=\"og:type\" content=\"article\" \/>\n<meta property=\"og:title\" content=\"\u201cMadrinas DeAcero\u201d detectan necesidades de alumbrado p\u00fablico en tres comunidades de Villagr\u00e1n - El Hijo del llanero solititito\" \/>\n<meta property=\"og:description\" content=\"Villagr\u00e1n, Gto. Mar.28.- Los resultados del trabajo que desarrollan las \u201cMadrinas DeAcero\u201d en sus comunidades, fue presentado esta ma\u00f1ana para una evaluaci\u00f3n, y dieron a conocer avances, aunque tambi\u00e9n peticiones para cubrir las carencias. Esto, en seguimiento y tras la reuni\u00f3n previa que sostuvieron este jueves con la presidenta Cinthia Teniente en la escuela de [&hellip;]\" \/>\n<meta property=\"og:url\" content=\"https:\/\/elhijodelllanero.mx\/index.php\/2025\/03\/28\/madrinas-deacero-detectan-necesidades-de-alumbrado-publico-en-tres-comunidades-de-villagran\/\" \/>\n<meta property=\"og:site_name\" content=\"El Hijo del llanero solititito\" \/>\n<meta property=\"article:published_time\" content=\"2025-03-28T23:49:01+00:00\" \/>\n<meta property=\"og:image\" content=\"https:\/\/elhijodelllanero.mx\/wp-content\/uploads\/2025\/03\/IMG_6648.jpeg\" \/>\n\t<meta property=\"og:image:width\" content=\"1829\" \/>\n\t<meta property=\"og:image:height\" content=\"1129\" \/>\n\t<meta property=\"og:image:type\" content=\"image\/jpeg\" \/>\n<meta name=\"author\" content=\"Redaccion\" \/>\n<meta name=\"twitter:card\" content=\"summary_large_image\" \/>\n<meta name=\"twitter:label1\" content=\"Escrito por\" \/>\n\t<meta name=\"twitter:data1\" content=\"Redaccion\" \/>\n\t<meta name=\"twitter:label2\" content=\"Tiempo de lectura\" \/>\n\t<meta name=\"twitter:data2\" content=\"3 minutos\" \/>\n<script type=\"application\/ld+json\" class=\"yoast-schema-graph\">{\"@context\":\"https:\\\/\\\/schema.org\",\"@graph\":[{\"@type\":\"Article\",\"@id\":\"https:\\\/\\\/elhijodelllanero.mx\\\/index.php\\\/2025\\\/03\\\/28\\\/madrinas-deacero-detectan-necesidades-de-alumbrado-publico-en-tres-comunidades-de-villagran\\\/#article\",\"isPartOf\":{\"@id\":\"https:\\\/\\\/elhijodelllanero.mx\\\/index.php\\\/2025\\\/03\\\/28\\\/madrinas-deacero-detectan-necesidades-de-alumbrado-publico-en-tres-comunidades-de-villagran\\\/\"},\"author\":{\"name\":\"Redaccion\",\"@id\":\"https:\\\/\\\/elhijodelllanero.mx\\\/#\\\/schema\\\/person\\\/5dcfdd3db3a6f7e7906ef5d92cf7340b\"},\"headline\":\"\u201cMadrinas DeAcero\u201d detectan necesidades de alumbrado p\u00fablico en tres comunidades de Villagr\u00e1n\",\"datePublished\":\"2025-03-28T23:49:01+00:00\",\"mainEntityOfPage\":{\"@id\":\"https:\\\/\\\/elhijodelllanero.mx\\\/index.php\\\/2025\\\/03\\\/28\\\/madrinas-deacero-detectan-necesidades-de-alumbrado-publico-en-tres-comunidades-de-villagran\\\/\"},\"wordCount\":574,\"commentCount\":0,\"image\":{\"@id\":\"https:\\\/\\\/elhijodelllanero.mx\\\/index.php\\\/2025\\\/03\\\/28\\\/madrinas-deacero-detectan-necesidades-de-alumbrado-publico-en-tres-comunidades-de-villagran\\\/#primaryimage\"},\"thumbnailUrl\":\"https:\\\/\\\/i0.wp.com\\\/elhijodelllanero.mx\\\/wp-content\\\/uploads\\\/2025\\\/03\\\/IMG_6648.jpeg?fit=1829%2C1129&ssl=1\",\"articleSection\":[\"Villagr\u00e1n\"],\"inLanguage\":\"es\",\"potentialAction\":[{\"@type\":\"CommentAction\",\"name\":\"Comment\",\"target\":[\"https:\\\/\\\/elhijodelllanero.mx\\\/index.php\\\/2025\\\/03\\\/28\\\/madrinas-deacero-detectan-necesidades-de-alumbrado-publico-en-tres-comunidades-de-villagran\\\/#respond\"]}]},{\"@type\":\"WebPage\",\"@id\":\"https:\\\/\\\/elhijodelllanero.mx\\\/index.php\\\/2025\\\/03\\\/28\\\/madrinas-deacero-detectan-necesidades-de-alumbrado-publico-en-tres-comunidades-de-villagran\\\/\",\"url\":\"https:\\\/\\\/elhijodelllanero.mx\\\/index.php\\\/2025\\\/03\\\/28\\\/madrinas-deacero-detectan-necesidades-de-alumbrado-publico-en-tres-comunidades-de-villagran\\\/\",\"name\":\"\u201cMadrinas DeAcero\u201d detectan necesidades de alumbrado p\u00fablico en tres comunidades de Villagr\u00e1n - El Hijo del llanero solititito\",\"isPartOf\":{\"@id\":\"https:\\\/\\\/elhijodelllanero.mx\\\/#website\"},\"primaryImageOfPage\":{\"@id\":\"https:\\\/\\\/elhijodelllanero.mx\\\/index.php\\\/2025\\\/03\\\/28\\\/madrinas-deacero-detectan-necesidades-de-alumbrado-publico-en-tres-comunidades-de-villagran\\\/#primaryimage\"},\"image\":{\"@id\":\"https:\\\/\\\/elhijodelllanero.mx\\\/index.php\\\/2025\\\/03\\\/28\\\/madrinas-deacero-detectan-necesidades-de-alumbrado-publico-en-tres-comunidades-de-villagran\\\/#primaryimage\"},\"thumbnailUrl\":\"https:\\\/\\\/i0.wp.com\\\/elhijodelllanero.mx\\\/wp-content\\\/uploads\\\/2025\\\/03\\\/IMG_6648.jpeg?fit=1829%2C1129&ssl=1\",\"datePublished\":\"2025-03-28T23:49:01+00:00\",\"author\":{\"@id\":\"https:\\\/\\\/elhijodelllanero.mx\\\/#\\\/schema\\\/person\\\/5dcfdd3db3a6f7e7906ef5d92cf7340b\"},\"breadcrumb\":{\"@id\":\"https:\\\/\\\/elhijodelllanero.mx\\\/index.php\\\/2025\\\/03\\\/28\\\/madrinas-deacero-detectan-necesidades-de-alumbrado-publico-en-tres-comunidades-de-villagran\\\/#breadcrumb\"},\"inLanguage\":\"es\",\"potentialAction\":[{\"@type\":\"ReadAction\",\"target\":[\"https:\\\/\\\/elhijodelllanero.mx\\\/index.php\\\/2025\\\/03\\\/28\\\/madrinas-deacero-detectan-necesidades-de-alumbrado-publico-en-tres-comunidades-de-villagran\\\/\"]}]},{\"@type\":\"ImageObject\",\"inLanguage\":\"es\",\"@id\":\"https:\\\/\\\/elhijodelllanero.mx\\\/index.php\\\/2025\\\/03\\\/28\\\/madrinas-deacero-detectan-necesidades-de-alumbrado-publico-en-tres-comunidades-de-villagran\\\/#primaryimage\",\"url\":\"https:\\\/\\\/i0.wp.com\\\/elhijodelllanero.mx\\\/wp-content\\\/uploads\\\/2025\\\/03\\\/IMG_6648.jpeg?fit=1829%2C1129&ssl=1\",\"contentUrl\":\"https:\\\/\\\/i0.wp.com\\\/elhijodelllanero.mx\\\/wp-content\\\/uploads\\\/2025\\\/03\\\/IMG_6648.jpeg?fit=1829%2C1129&ssl=1\",\"width\":1829,\"height\":1129},{\"@type\":\"BreadcrumbList\",\"@id\":\"https:\\\/\\\/elhijodelllanero.mx\\\/index.php\\\/2025\\\/03\\\/28\\\/madrinas-deacero-detectan-necesidades-de-alumbrado-publico-en-tres-comunidades-de-villagran\\\/#breadcrumb\",\"itemListElement\":[{\"@type\":\"ListItem\",\"position\":1,\"name\":\"Portada\",\"item\":\"https:\\\/\\\/elhijodelllanero.mx\\\/\"},{\"@type\":\"ListItem\",\"position\":2,\"name\":\"\u201cMadrinas DeAcero\u201d detectan necesidades de alumbrado p\u00fablico en tres comunidades de Villagr\u00e1n\"}]},{\"@type\":\"WebSite\",\"@id\":\"https:\\\/\\\/elhijodelllanero.mx\\\/#website\",\"url\":\"https:\\\/\\\/elhijodelllanero.mx\\\/\",\"name\":\"El Hijo del llanero solititito\",\"description\":\"\",\"potentialAction\":[{\"@type\":\"SearchAction\",\"target\":{\"@type\":\"EntryPoint\",\"urlTemplate\":\"https:\\\/\\\/elhijodelllanero.mx\\\/?s={search_term_string}\"},\"query-input\":{\"@type\":\"PropertyValueSpecification\",\"valueRequired\":true,\"valueName\":\"search_term_string\"}}],\"inLanguage\":\"es\"},{\"@type\":\"Person\",\"@id\":\"https:\\\/\\\/elhijodelllanero.mx\\\/#\\\/schema\\\/person\\\/5dcfdd3db3a6f7e7906ef5d92cf7340b\",\"name\":\"Redaccion\",\"image\":{\"@type\":\"ImageObject\",\"inLanguage\":\"es\",\"@id\":\"https:\\\/\\\/secure.gravatar.com\\\/avatar\\\/f65b913d6e7be363e7396f7fad32ab76d311fbb575fa7e623ec3ea4799f3b718?s=96&d=mm&r=g\",\"url\":\"https:\\\/\\\/secure.gravatar.com\\\/avatar\\\/f65b913d6e7be363e7396f7fad32ab76d311fbb575fa7e623ec3ea4799f3b718?s=96&d=mm&r=g\",\"contentUrl\":\"https:\\\/\\\/secure.gravatar.com\\\/avatar\\\/f65b913d6e7be363e7396f7fad32ab76d311fbb575fa7e623ec3ea4799f3b718?s=96&d=mm&r=g\",\"caption\":\"Redaccion\"},\"sameAs\":[\"https:\\\/\\\/www.elhijodelllanero.mx\"],\"url\":\"https:\\\/\\\/elhijodelllanero.mx\\\/index.php\\\/author\\\/admin_6smc8z8t\\\/\"}]}<\/script>\n<!-- \/ Yoast SEO plugin. -->","yoast_head_json":{"title":"\u201cMadrinas DeAcero\u201d detectan necesidades de alumbrado p\u00fablico en tres comunidades de Villagr\u00e1n - El Hijo del llanero solititito","robots":{"index":"index","follow":"follow","max-snippet":"max-snippet:-1","max-image-preview":"max-image-preview:large","max-video-preview":"max-video-preview:-1"},"canonical":"https:\/\/elhijodelllanero.mx\/index.php\/2025\/03\/28\/madrinas-deacero-detectan-necesidades-de-alumbrado-publico-en-tres-comunidades-de-villagran\/","og_locale":"es_ES","og_type":"article","og_title":"\u201cMadrinas DeAcero\u201d detectan necesidades de alumbrado p\u00fablico en tres comunidades de Villagr\u00e1n - El Hijo del llanero solititito","og_description":"Villagr\u00e1n, Gto. Mar.28.- Los resultados del trabajo que desarrollan las \u201cMadrinas DeAcero\u201d en sus comunidades, fue presentado esta ma\u00f1ana para una evaluaci\u00f3n, y dieron a conocer avances, aunque tambi\u00e9n peticiones para cubrir las carencias. Esto, en seguimiento y tras la reuni\u00f3n previa que sostuvieron este jueves con la presidenta Cinthia Teniente en la escuela de [&hellip;]","og_url":"https:\/\/elhijodelllanero.mx\/index.php\/2025\/03\/28\/madrinas-deacero-detectan-necesidades-de-alumbrado-publico-en-tres-comunidades-de-villagran\/","og_site_name":"El Hijo del llanero solititito","article_published_time":"2025-03-28T23:49:01+00:00","og_image":[{"width":1829,"height":1129,"url":"https:\/\/elhijodelllanero.mx\/wp-content\/uploads\/2025\/03\/IMG_6648.jpeg","type":"image\/jpeg"}],"author":"Redaccion","twitter_card":"summary_large_image","twitter_misc":{"Escrito por":"Redaccion","Tiempo de lectura":"3 minutos"},"schema":{"@context":"https:\/\/schema.org","@graph":[{"@type":"Article","@id":"https:\/\/elhijodelllanero.mx\/index.php\/2025\/03\/28\/madrinas-deacero-detectan-necesidades-de-alumbrado-publico-en-tres-comunidades-de-villagran\/#article","isPartOf":{"@id":"https:\/\/elhijodelllanero.mx\/index.php\/2025\/03\/28\/madrinas-deacero-detectan-necesidades-de-alumbrado-publico-en-tres-comunidades-de-villagran\/"},"author":{"name":"Redaccion","@id":"https:\/\/elhijodelllanero.mx\/#\/schema\/person\/5dcfdd3db3a6f7e7906ef5d92cf7340b"},"headline":"\u201cMadrinas DeAcero\u201d detectan necesidades de alumbrado p\u00fablico en tres comunidades de Villagr\u00e1n","datePublished":"2025-03-28T23:49:01+00:00","mainEntityOfPage":{"@id":"https:\/\/elhijodelllanero.mx\/index.php\/2025\/03\/28\/madrinas-deacero-detectan-necesidades-de-alumbrado-publico-en-tres-comunidades-de-villagran\/"},"wordCount":574,"commentCount":0,"image":{"@id":"https:\/\/elhijodelllanero.mx\/index.php\/2025\/03\/28\/madrinas-deacero-detectan-necesidades-de-alumbrado-publico-en-tres-comunidades-de-villagran\/#primaryimage"},"thumbnailUrl":"https:\/\/i0.wp.com\/elhijodelllanero.mx\/wp-content\/uploads\/2025\/03\/IMG_6648.jpeg?fit=1829%2C1129&ssl=1","articleSection":["Villagr\u00e1n"],"inLanguage":"es","potentialAction":[{"@type":"CommentAction","name":"Comment","target":["https:\/\/elhijodelllanero.mx\/index.php\/2025\/03\/28\/madrinas-deacero-detectan-necesidades-de-alumbrado-publico-en-tres-comunidades-de-villagran\/#respond"]}]},{"@type":"WebPage","@id":"https:\/\/elhijodelllanero.mx\/index.php\/2025\/03\/28\/madrinas-deacero-detectan-necesidades-de-alumbrado-publico-en-tres-comunidades-de-villagran\/","url":"https:\/\/elhijodelllanero.mx\/index.php\/2025\/03\/28\/madrinas-deacero-detectan-necesidades-de-alumbrado-publico-en-tres-comunidades-de-villagran\/","name":"\u201cMadrinas DeAcero\u201d detectan necesidades de alumbrado p\u00fablico en tres comunidades de Villagr\u00e1n - El Hijo del llanero solititito","isPartOf":{"@id":"https:\/\/elhijodelllanero.mx\/#website"},"primaryImageOfPage":{"@id":"https:\/\/elhijodelllanero.mx\/index.php\/2025\/03\/28\/madrinas-deacero-detectan-necesidades-de-alumbrado-publico-en-tres-comunidades-de-villagran\/#primaryimage"},"image":{"@id":"https:\/\/elhijodelllanero.mx\/index.php\/2025\/03\/28\/madrinas-deacero-detectan-necesidades-de-alumbrado-publico-en-tres-comunidades-de-villagran\/#primaryimage"},"thumbnailUrl":"https:\/\/i0.wp.com\/elhijodelllanero.mx\/wp-content\/uploads\/2025\/03\/IMG_6648.jpeg?fit=1829%2C1129&ssl=1","datePublished":"2025-03-28T23:49:01+00:00","author":{"@id":"https:\/\/elhijodelllanero.mx\/#\/schema\/person\/5dcfdd3db3a6f7e7906ef5d92cf7340b"},"breadcrumb":{"@id":"https:\/\/elhijodelllanero.mx\/index.php\/2025\/03\/28\/madrinas-deacero-detectan-necesidades-de-alumbrado-publico-en-tres-comunidades-de-villagran\/#breadcrumb"},"inLanguage":"es","potentialAction":[{"@type":"ReadAction","target":["https:\/\/elhijodelllanero.mx\/index.php\/2025\/03\/28\/madrinas-deacero-detectan-necesidades-de-alumbrado-publico-en-tres-comunidades-de-villagran\/"]}]},{"@type":"ImageObject","inLanguage":"es","@id":"https:\/\/elhijodelllanero.mx\/index.php\/2025\/03\/28\/madrinas-deacero-detectan-necesidades-de-alumbrado-publico-en-tres-comunidades-de-villagran\/#primaryimage","url":"https:\/\/i0.wp.com\/elhijodelllanero.mx\/wp-content\/uploads\/2025\/03\/IMG_6648.jpeg?fit=1829%2C1129&ssl=1","contentUrl":"https:\/\/i0.wp.com\/elhijodelllanero.mx\/wp-content\/uploads\/2025\/03\/IMG_6648.jpeg?fit=1829%2C1129&ssl=1","width":1829,"height":1129},{"@type":"BreadcrumbList","@id":"https:\/\/elhijodelllanero.mx\/index.php\/2025\/03\/28\/madrinas-deacero-detectan-necesidades-de-alumbrado-publico-en-tres-comunidades-de-villagran\/#breadcrumb","itemListElement":[{"@type":"ListItem","position":1,"name":"Portada","item":"https:\/\/elhijodelllanero.mx\/"},{"@type":"ListItem","position":2,"name":"\u201cMadrinas DeAcero\u201d detectan necesidades de alumbrado p\u00fablico en tres comunidades de Villagr\u00e1n"}]},{"@type":"WebSite","@id":"https:\/\/elhijodelllanero.mx\/#website","url":"https:\/\/elhijodelllanero.mx\/","name":"El Hijo del llanero solititito","description":"","potentialAction":[{"@type":"SearchAction","target":{"@type":"EntryPoint","urlTemplate":"https:\/\/elhijodelllanero.mx\/?s={search_term_string}"},"query-input":{"@type":"PropertyValueSpecification","valueRequired":true,"valueName":"search_term_string"}}],"inLanguage":"es"},{"@type":"Person","@id":"https:\/\/elhijodelllanero.mx\/#\/schema\/person\/5dcfdd3db3a6f7e7906ef5d92cf7340b","name":"Redaccion","image":{"@type":"ImageObject","inLanguage":"es","@id":"https:\/\/secure.gravatar.com\/avatar\/f65b913d6e7be363e7396f7fad32ab76d311fbb575fa7e623ec3ea4799f3b718?s=96&d=mm&r=g","url":"https:\/\/secure.gravatar.com\/avatar\/f65b913d6e7be363e7396f7fad32ab76d311fbb575fa7e623ec3ea4799f3b718?s=96&d=mm&r=g","contentUrl":"https:\/\/secure.gravatar.com\/avatar\/f65b913d6e7be363e7396f7fad32ab76d311fbb575fa7e623ec3ea4799f3b718?s=96&d=mm&r=g","caption":"Redaccion"},"sameAs":["https:\/\/www.elhijodelllanero.mx"],"url":"https:\/\/elhijodelllanero.mx\/index.php\/author\/admin_6smc8z8t\/"}]}},"jetpack_featured_media_url":"https:\/\/i0.wp.com\/elhijodelllanero.mx\/wp-content\/uploads\/2025\/03\/IMG_6648.jpeg?fit=1829%2C1129&ssl=1","jetpack-related-posts":[],"jetpack_sharing_enabled":true,"_links":{"self":[{"href":"https:\/\/elhijodelllanero.mx\/index.php\/wp-json\/wp\/v2\/posts\/9706","targetHints":{"allow":["GET"]}}],"collection":[{"href":"https:\/\/elhijodelllanero.mx\/index.php\/wp-json\/wp\/v2\/posts"}],"about":[{"href":"https:\/\/elhijodelllanero.mx\/index.php\/wp-json\/wp\/v2\/types\/post"}],"author":[{"embeddable":true,"href":"https:\/\/elhijodelllanero.mx\/index.php\/wp-json\/wp\/v2\/users\/1"}],"replies":[{"embeddable":true,"href":"https:\/\/elhijodelllanero.mx\/index.php\/wp-json\/wp\/v2\/comments?post=9706"}],"version-history":[{"count":1,"href":"https:\/\/elhijodelllanero.mx\/index.php\/wp-json\/wp\/v2\/posts\/9706\/revisions"}],"predecessor-version":[{"id":9708,"href":"https:\/\/elhijodelllanero.mx\/index.php\/wp-json\/wp\/v2\/posts\/9706\/revisions\/9708"}],"wp:featuredmedia":[{"embeddable":true,"href":"https:\/\/elhijodelllanero.mx\/index.php\/wp-json\/wp\/v2\/media\/9707"}],"wp:attachment":[{"href":"https:\/\/elhijodelllanero.mx\/index.php\/wp-json\/wp\/v2\/media?parent=9706"}],"wp:term":[{"taxonomy":"category","embeddable":true,"href":"https:\/\/elhijodelllanero.mx\/index.php\/wp-json\/wp\/v2\/categories?post=9706"},{"taxonomy":"post_tag","embeddable":true,"href":"https:\/\/elhijodelllanero.mx\/index.php\/wp-json\/wp\/v2\/tags?post=9706"}],"curies":[{"name":"wp","href":"https:\/\/api.w.org\/{rel}","templated":true}]}}