{"id":9710,"date":"2025-03-28T23:57:08","date_gmt":"2025-03-28T23:57:08","guid":{"rendered":"https:\/\/elhijodelllanero.mx\/?p=9710"},"modified":"2025-03-28T23:57:17","modified_gmt":"2025-03-28T23:57:17","slug":"inicia-el-decimo-festival-tradicion-y-sabor-en-celaya","status":"publish","type":"post","link":"https:\/\/elhijodelllanero.mx\/index.php\/2025\/03\/28\/inicia-el-decimo-festival-tradicion-y-sabor-en-celaya\/","title":{"rendered":"INICIA EL D\u00c9CIMO FESTIVAL \u201cTRADICI\u00d3N Y SABOR\u201d EN CELAYA"},"content":{"rendered":"<p class=\"s10\"><span class=\"s9\">Un fin de semana lleno de sabor y cultura vivir\u00e1 Celaya con la d\u00e9cima edici\u00f3n del festival Tradici\u00f3n y Sabor que dio inicio este viernes en el jard\u00edn principal,<\/span> <span class=\"s9\">con la participaci\u00f3n de cocineras tradicionales, artesanos locales y de la regi\u00f3n, invitados de otros <\/span><span class=\"s9\">municipios<\/span><span class=\"s9\">, as\u00ed como presentaciones art\u00edsticas y culturales.<\/span><\/p>\n<p class=\"s10\"><span class=\"s9\">En la edici\u00f3n 10 del festival \u201cTradici\u00f3n y Sabor\u201d participan<\/span><span class=\"s9\">11 cocineras tradicionales de Celaya y la regi\u00f3n, m\u00e1s de 40 expositores en la muestra artesanal y <\/span><span class=\"s9\">un programa variado de <\/span><span class=\"s9\">actividades culturales que deleitar\u00e1n a todos los asistentes que acudan este viernes 28, s\u00e1bado 29 y domingo 30 de marzo, de 10:00 de la ma\u00f1ana a 10:00 de la noche.<\/span><\/p>\n<p class=\"s10\"><span class=\"s9\">Los municipios invitados en esta edici\u00f3n son Comonfort, Tarimoro, Doctor Mora y Salvatierra, adem\u00e1s de Colombia como pa\u00eds invitado.<\/span><\/p>\n<p class=\"s10\"><span class=\"s9\">La expectativa para esta d\u00e9cima edici\u00f3n es de 28 mil asistentes y se proyecta una derrama econ\u00f3mica de 9.28 millones de pesos.<\/span><\/p>\n<p class=\"s10\"><span class=\"s9\">\u201c<\/span><span class=\"s9\">Hoy p<\/span><span class=\"s9\">odemos disfrutar de nuestras costumbres mientras trabajamos por un futuro mejor para todas y todos<\/span><span class=\"s9\">. L<\/span><span class=\"s9\">os invito a disfrutar de este festival<\/span><span class=\"s9\">,<\/span><span class=\"s9\"> a probar los deliciosos platillos que se ofrecen y que este evento nos inspire a seguir valorando lo que somos y a seguir construyendo una comunidad unida<\/span><span class=\"s9\">,<\/span><span class=\"s9\"> fuerte y solidaria<\/span><span class=\"s9\">; d<\/span><span class=\"s9\">isfrutemos juntos del d\u00e9cimo festival <\/span><span class=\"s9\">T<\/span><span class=\"s9\">radici<\/span><span class=\"s9\">\u00f3n<\/span><span class=\"s9\"> y <\/span><span class=\"s9\">S<\/span><span class=\"s9\">abor y recuerden que Celaya es la <\/span><span class=\"s9\">E<\/span><span class=\"s9\">speranza<\/span><span class=\"s9\">\u201d, dijo el presidente municipal, en el mensaje de inauguraci\u00f3n. <\/span><\/p>\n<p class=\"s10\"><span class=\"s9\">El director del Consejo de Turismo, Carlos Olvera, <\/span><span class=\"s9\">tambi\u00e9n invit\u00f3 a los celayenses y a todos los guanajuatenses a visitar este festival que re\u00fane a comensales con <\/span><span class=\"s9\">la mejor comida del mundo<\/span><span class=\"s9\"> y<\/span><span class=\"s9\"> r<\/span><span class=\"s9\">inde<\/span><span class=\"s9\"> homenaje a la riqueza culinaria que M\u00e9xico ha cultivado durante siglos<\/span><span class=\"s9\">.<\/span><\/p>\n<p class=\"s10\"><span class=\"s9\">\u201cC<\/span><span class=\"s9\">ada platillo<\/span><span class=\"s9\">,<\/span><span class=\"s9\"> cada sabor y cada aroma da testimonio de nuestra historia<\/span><span class=\"s9\">,<\/span> <span class=\"s9\">de <\/span><span class=\"s9\">nuestra tierra y el amor de generaciones que han pasado sus conocimientos de la cocina de madre a hija<\/span><span class=\"s9\">,<\/span><span class=\"s9\"> de abuela <\/span><span class=\"s9\">a <\/span><span class=\"s9\">nieto<\/span><span class=\"s9\">,<\/span><span class=\"s9\"> manteniendo vivas nuestras ra\u00edces<\/span><span class=\"s9\">. E<\/span><span class=\"s9\">n este festival no solo degustaremos <\/span><span class=\"s9\">los deliciosos sabores que nos identifican como naci\u00f3n<\/span><span class=\"s9\">,<\/span><span class=\"s9\"> sino que tambi\u00e9n honraremos el trabajo de las manos que elaboran con esmero y dedicaci\u00f3n cada uno de estos platillos<\/span><span class=\"s9\">\u201d, dijo el director de la oficina de Turismo.<\/span><\/p>\n<p class=\"s10\">\n","protected":false},"excerpt":{"rendered":"<p>Un fin de semana lleno de sabor y cultura vivir\u00e1 Celaya con la d\u00e9cima edici\u00f3n del festival Tradici\u00f3n y Sabor que dio inicio este viernes en el jard\u00edn principal, con la participaci\u00f3n de cocineras tradicionales, artesanos locales y de la regi\u00f3n, invitados de otros municipios, as\u00ed como presentaciones art\u00edsticas y culturales. En la edici\u00f3n 10 [&hellip;]<\/p>\n","protected":false},"author":1,"featured_media":9711,"comment_status":"open","ping_status":"closed","sticky":false,"template":"","format":"standard","meta":{"_jetpack_newsletter_access":"","_jetpack_dont_email_post_to_subs":false,"_jetpack_newsletter_tier_id":0,"_jetpack_memberships_contains_paywalled_content":false,"_jetpack_memberships_contains_paid_content":false,"footnotes":""},"categories":[74],"tags":[],"class_list":{"0":"post-9710","1":"post","2":"type-post","3":"status-publish","4":"format-standard","5":"has-post-thumbnail","7":"category-celaya"},"yoast_head":"<!-- This site is optimized with the Yoast SEO plugin v27.3 - https:\/\/yoast.com\/product\/yoast-seo-wordpress\/ -->\n<title>INICIA EL D\u00c9CIMO FESTIVAL \u201cTRADICI\u00d3N Y SABOR\u201d EN CELAYA - El Hijo del llanero solititito<\/title>\n<meta name=\"robots\" content=\"index, follow, max-snippet:-1, max-image-preview:large, max-video-preview:-1\" \/>\n<link rel=\"canonical\" href=\"https:\/\/elhijodelllanero.mx\/index.php\/2025\/03\/28\/inicia-el-decimo-festival-tradicion-y-sabor-en-celaya\/\" \/>\n<meta property=\"og:locale\" content=\"es_ES\" \/>\n<meta property=\"og:type\" content=\"article\" \/>\n<meta property=\"og:title\" content=\"INICIA EL D\u00c9CIMO FESTIVAL \u201cTRADICI\u00d3N Y SABOR\u201d EN CELAYA - El Hijo del llanero solititito\" \/>\n<meta property=\"og:description\" content=\"Un fin de semana lleno de sabor y cultura vivir\u00e1 Celaya con la d\u00e9cima edici\u00f3n del festival Tradici\u00f3n y Sabor que dio inicio este viernes en el jard\u00edn principal, con la participaci\u00f3n de cocineras tradicionales, artesanos locales y de la regi\u00f3n, invitados de otros municipios, as\u00ed como presentaciones art\u00edsticas y culturales. En la edici\u00f3n 10 [&hellip;]\" \/>\n<meta property=\"og:url\" content=\"https:\/\/elhijodelllanero.mx\/index.php\/2025\/03\/28\/inicia-el-decimo-festival-tradicion-y-sabor-en-celaya\/\" \/>\n<meta property=\"og:site_name\" content=\"El Hijo del llanero solititito\" \/>\n<meta property=\"article:published_time\" content=\"2025-03-28T23:57:08+00:00\" \/>\n<meta property=\"article:modified_time\" content=\"2025-03-28T23:57:17+00:00\" \/>\n<meta property=\"og:image\" content=\"https:\/\/elhijodelllanero.mx\/wp-content\/uploads\/2025\/03\/8f3fadeb-0816-4fed-81af-9ad465440015.jpeg\" \/>\n\t<meta property=\"og:image:width\" content=\"1280\" \/>\n\t<meta property=\"og:image:height\" content=\"905\" \/>\n\t<meta property=\"og:image:type\" content=\"image\/jpeg\" \/>\n<meta name=\"author\" content=\"Redaccion\" \/>\n<meta name=\"twitter:card\" content=\"summary_large_image\" \/>\n<meta name=\"twitter:label1\" content=\"Escrito por\" \/>\n\t<meta name=\"twitter:data1\" content=\"Redaccion\" \/>\n\t<meta name=\"twitter:label2\" content=\"Tiempo de lectura\" \/>\n\t<meta name=\"twitter:data2\" content=\"2 minutos\" \/>\n<script type=\"application\/ld+json\" class=\"yoast-schema-graph\">{\"@context\":\"https:\\\/\\\/schema.org\",\"@graph\":[{\"@type\":\"Article\",\"@id\":\"https:\\\/\\\/elhijodelllanero.mx\\\/index.php\\\/2025\\\/03\\\/28\\\/inicia-el-decimo-festival-tradicion-y-sabor-en-celaya\\\/#article\",\"isPartOf\":{\"@id\":\"https:\\\/\\\/elhijodelllanero.mx\\\/index.php\\\/2025\\\/03\\\/28\\\/inicia-el-decimo-festival-tradicion-y-sabor-en-celaya\\\/\"},\"author\":{\"name\":\"Redaccion\",\"@id\":\"https:\\\/\\\/elhijodelllanero.mx\\\/#\\\/schema\\\/person\\\/5dcfdd3db3a6f7e7906ef5d92cf7340b\"},\"headline\":\"INICIA EL D\u00c9CIMO FESTIVAL \u201cTRADICI\u00d3N Y SABOR\u201d EN CELAYA\",\"datePublished\":\"2025-03-28T23:57:08+00:00\",\"dateModified\":\"2025-03-28T23:57:17+00:00\",\"mainEntityOfPage\":{\"@id\":\"https:\\\/\\\/elhijodelllanero.mx\\\/index.php\\\/2025\\\/03\\\/28\\\/inicia-el-decimo-festival-tradicion-y-sabor-en-celaya\\\/\"},\"wordCount\":397,\"commentCount\":0,\"image\":{\"@id\":\"https:\\\/\\\/elhijodelllanero.mx\\\/index.php\\\/2025\\\/03\\\/28\\\/inicia-el-decimo-festival-tradicion-y-sabor-en-celaya\\\/#primaryimage\"},\"thumbnailUrl\":\"https:\\\/\\\/i0.wp.com\\\/elhijodelllanero.mx\\\/wp-content\\\/uploads\\\/2025\\\/03\\\/8f3fadeb-0816-4fed-81af-9ad465440015.jpeg?fit=1280%2C905&ssl=1\",\"articleSection\":[\"CELAYA\"],\"inLanguage\":\"es\",\"potentialAction\":[{\"@type\":\"CommentAction\",\"name\":\"Comment\",\"target\":[\"https:\\\/\\\/elhijodelllanero.mx\\\/index.php\\\/2025\\\/03\\\/28\\\/inicia-el-decimo-festival-tradicion-y-sabor-en-celaya\\\/#respond\"]}]},{\"@type\":\"WebPage\",\"@id\":\"https:\\\/\\\/elhijodelllanero.mx\\\/index.php\\\/2025\\\/03\\\/28\\\/inicia-el-decimo-festival-tradicion-y-sabor-en-celaya\\\/\",\"url\":\"https:\\\/\\\/elhijodelllanero.mx\\\/index.php\\\/2025\\\/03\\\/28\\\/inicia-el-decimo-festival-tradicion-y-sabor-en-celaya\\\/\",\"name\":\"INICIA EL D\u00c9CIMO FESTIVAL \u201cTRADICI\u00d3N Y SABOR\u201d EN CELAYA - El Hijo del llanero solititito\",\"isPartOf\":{\"@id\":\"https:\\\/\\\/elhijodelllanero.mx\\\/#website\"},\"primaryImageOfPage\":{\"@id\":\"https:\\\/\\\/elhijodelllanero.mx\\\/index.php\\\/2025\\\/03\\\/28\\\/inicia-el-decimo-festival-tradicion-y-sabor-en-celaya\\\/#primaryimage\"},\"image\":{\"@id\":\"https:\\\/\\\/elhijodelllanero.mx\\\/index.php\\\/2025\\\/03\\\/28\\\/inicia-el-decimo-festival-tradicion-y-sabor-en-celaya\\\/#primaryimage\"},\"thumbnailUrl\":\"https:\\\/\\\/i0.wp.com\\\/elhijodelllanero.mx\\\/wp-content\\\/uploads\\\/2025\\\/03\\\/8f3fadeb-0816-4fed-81af-9ad465440015.jpeg?fit=1280%2C905&ssl=1\",\"datePublished\":\"2025-03-28T23:57:08+00:00\",\"dateModified\":\"2025-03-28T23:57:17+00:00\",\"author\":{\"@id\":\"https:\\\/\\\/elhijodelllanero.mx\\\/#\\\/schema\\\/person\\\/5dcfdd3db3a6f7e7906ef5d92cf7340b\"},\"breadcrumb\":{\"@id\":\"https:\\\/\\\/elhijodelllanero.mx\\\/index.php\\\/2025\\\/03\\\/28\\\/inicia-el-decimo-festival-tradicion-y-sabor-en-celaya\\\/#breadcrumb\"},\"inLanguage\":\"es\",\"potentialAction\":[{\"@type\":\"ReadAction\",\"target\":[\"https:\\\/\\\/elhijodelllanero.mx\\\/index.php\\\/2025\\\/03\\\/28\\\/inicia-el-decimo-festival-tradicion-y-sabor-en-celaya\\\/\"]}]},{\"@type\":\"ImageObject\",\"inLanguage\":\"es\",\"@id\":\"https:\\\/\\\/elhijodelllanero.mx\\\/index.php\\\/2025\\\/03\\\/28\\\/inicia-el-decimo-festival-tradicion-y-sabor-en-celaya\\\/#primaryimage\",\"url\":\"https:\\\/\\\/i0.wp.com\\\/elhijodelllanero.mx\\\/wp-content\\\/uploads\\\/2025\\\/03\\\/8f3fadeb-0816-4fed-81af-9ad465440015.jpeg?fit=1280%2C905&ssl=1\",\"contentUrl\":\"https:\\\/\\\/i0.wp.com\\\/elhijodelllanero.mx\\\/wp-content\\\/uploads\\\/2025\\\/03\\\/8f3fadeb-0816-4fed-81af-9ad465440015.jpeg?fit=1280%2C905&ssl=1\",\"width\":1280,\"height\":905},{\"@type\":\"BreadcrumbList\",\"@id\":\"https:\\\/\\\/elhijodelllanero.mx\\\/index.php\\\/2025\\\/03\\\/28\\\/inicia-el-decimo-festival-tradicion-y-sabor-en-celaya\\\/#breadcrumb\",\"itemListElement\":[{\"@type\":\"ListItem\",\"position\":1,\"name\":\"Portada\",\"item\":\"https:\\\/\\\/elhijodelllanero.mx\\\/\"},{\"@type\":\"ListItem\",\"position\":2,\"name\":\"INICIA EL D\u00c9CIMO FESTIVAL \u201cTRADICI\u00d3N Y SABOR\u201d EN CELAYA\"}]},{\"@type\":\"WebSite\",\"@id\":\"https:\\\/\\\/elhijodelllanero.mx\\\/#website\",\"url\":\"https:\\\/\\\/elhijodelllanero.mx\\\/\",\"name\":\"El Hijo del llanero solititito\",\"description\":\"\",\"potentialAction\":[{\"@type\":\"SearchAction\",\"target\":{\"@type\":\"EntryPoint\",\"urlTemplate\":\"https:\\\/\\\/elhijodelllanero.mx\\\/?s={search_term_string}\"},\"query-input\":{\"@type\":\"PropertyValueSpecification\",\"valueRequired\":true,\"valueName\":\"search_term_string\"}}],\"inLanguage\":\"es\"},{\"@type\":\"Person\",\"@id\":\"https:\\\/\\\/elhijodelllanero.mx\\\/#\\\/schema\\\/person\\\/5dcfdd3db3a6f7e7906ef5d92cf7340b\",\"name\":\"Redaccion\",\"image\":{\"@type\":\"ImageObject\",\"inLanguage\":\"es\",\"@id\":\"https:\\\/\\\/secure.gravatar.com\\\/avatar\\\/f65b913d6e7be363e7396f7fad32ab76d311fbb575fa7e623ec3ea4799f3b718?s=96&d=mm&r=g\",\"url\":\"https:\\\/\\\/secure.gravatar.com\\\/avatar\\\/f65b913d6e7be363e7396f7fad32ab76d311fbb575fa7e623ec3ea4799f3b718?s=96&d=mm&r=g\",\"contentUrl\":\"https:\\\/\\\/secure.gravatar.com\\\/avatar\\\/f65b913d6e7be363e7396f7fad32ab76d311fbb575fa7e623ec3ea4799f3b718?s=96&d=mm&r=g\",\"caption\":\"Redaccion\"},\"sameAs\":[\"https:\\\/\\\/www.elhijodelllanero.mx\"],\"url\":\"https:\\\/\\\/elhijodelllanero.mx\\\/index.php\\\/author\\\/admin_6smc8z8t\\\/\"}]}<\/script>\n<!-- \/ Yoast SEO plugin. -->","yoast_head_json":{"title":"INICIA EL D\u00c9CIMO FESTIVAL \u201cTRADICI\u00d3N Y SABOR\u201d EN CELAYA - El Hijo del llanero solititito","robots":{"index":"index","follow":"follow","max-snippet":"max-snippet:-1","max-image-preview":"max-image-preview:large","max-video-preview":"max-video-preview:-1"},"canonical":"https:\/\/elhijodelllanero.mx\/index.php\/2025\/03\/28\/inicia-el-decimo-festival-tradicion-y-sabor-en-celaya\/","og_locale":"es_ES","og_type":"article","og_title":"INICIA EL D\u00c9CIMO FESTIVAL \u201cTRADICI\u00d3N Y SABOR\u201d EN CELAYA - El Hijo del llanero solititito","og_description":"Un fin de semana lleno de sabor y cultura vivir\u00e1 Celaya con la d\u00e9cima edici\u00f3n del festival Tradici\u00f3n y Sabor que dio inicio este viernes en el jard\u00edn principal, con la participaci\u00f3n de cocineras tradicionales, artesanos locales y de la regi\u00f3n, invitados de otros municipios, as\u00ed como presentaciones art\u00edsticas y culturales. En la edici\u00f3n 10 [&hellip;]","og_url":"https:\/\/elhijodelllanero.mx\/index.php\/2025\/03\/28\/inicia-el-decimo-festival-tradicion-y-sabor-en-celaya\/","og_site_name":"El Hijo del llanero solititito","article_published_time":"2025-03-28T23:57:08+00:00","article_modified_time":"2025-03-28T23:57:17+00:00","og_image":[{"width":1280,"height":905,"url":"https:\/\/elhijodelllanero.mx\/wp-content\/uploads\/2025\/03\/8f3fadeb-0816-4fed-81af-9ad465440015.jpeg","type":"image\/jpeg"}],"author":"Redaccion","twitter_card":"summary_large_image","twitter_misc":{"Escrito por":"Redaccion","Tiempo de lectura":"2 minutos"},"schema":{"@context":"https:\/\/schema.org","@graph":[{"@type":"Article","@id":"https:\/\/elhijodelllanero.mx\/index.php\/2025\/03\/28\/inicia-el-decimo-festival-tradicion-y-sabor-en-celaya\/#article","isPartOf":{"@id":"https:\/\/elhijodelllanero.mx\/index.php\/2025\/03\/28\/inicia-el-decimo-festival-tradicion-y-sabor-en-celaya\/"},"author":{"name":"Redaccion","@id":"https:\/\/elhijodelllanero.mx\/#\/schema\/person\/5dcfdd3db3a6f7e7906ef5d92cf7340b"},"headline":"INICIA EL D\u00c9CIMO FESTIVAL \u201cTRADICI\u00d3N Y SABOR\u201d EN CELAYA","datePublished":"2025-03-28T23:57:08+00:00","dateModified":"2025-03-28T23:57:17+00:00","mainEntityOfPage":{"@id":"https:\/\/elhijodelllanero.mx\/index.php\/2025\/03\/28\/inicia-el-decimo-festival-tradicion-y-sabor-en-celaya\/"},"wordCount":397,"commentCount":0,"image":{"@id":"https:\/\/elhijodelllanero.mx\/index.php\/2025\/03\/28\/inicia-el-decimo-festival-tradicion-y-sabor-en-celaya\/#primaryimage"},"thumbnailUrl":"https:\/\/i0.wp.com\/elhijodelllanero.mx\/wp-content\/uploads\/2025\/03\/8f3fadeb-0816-4fed-81af-9ad465440015.jpeg?fit=1280%2C905&ssl=1","articleSection":["CELAYA"],"inLanguage":"es","potentialAction":[{"@type":"CommentAction","name":"Comment","target":["https:\/\/elhijodelllanero.mx\/index.php\/2025\/03\/28\/inicia-el-decimo-festival-tradicion-y-sabor-en-celaya\/#respond"]}]},{"@type":"WebPage","@id":"https:\/\/elhijodelllanero.mx\/index.php\/2025\/03\/28\/inicia-el-decimo-festival-tradicion-y-sabor-en-celaya\/","url":"https:\/\/elhijodelllanero.mx\/index.php\/2025\/03\/28\/inicia-el-decimo-festival-tradicion-y-sabor-en-celaya\/","name":"INICIA EL D\u00c9CIMO FESTIVAL \u201cTRADICI\u00d3N Y SABOR\u201d EN CELAYA - El Hijo del llanero solititito","isPartOf":{"@id":"https:\/\/elhijodelllanero.mx\/#website"},"primaryImageOfPage":{"@id":"https:\/\/elhijodelllanero.mx\/index.php\/2025\/03\/28\/inicia-el-decimo-festival-tradicion-y-sabor-en-celaya\/#primaryimage"},"image":{"@id":"https:\/\/elhijodelllanero.mx\/index.php\/2025\/03\/28\/inicia-el-decimo-festival-tradicion-y-sabor-en-celaya\/#primaryimage"},"thumbnailUrl":"https:\/\/i0.wp.com\/elhijodelllanero.mx\/wp-content\/uploads\/2025\/03\/8f3fadeb-0816-4fed-81af-9ad465440015.jpeg?fit=1280%2C905&ssl=1","datePublished":"2025-03-28T23:57:08+00:00","dateModified":"2025-03-28T23:57:17+00:00","author":{"@id":"https:\/\/elhijodelllanero.mx\/#\/schema\/person\/5dcfdd3db3a6f7e7906ef5d92cf7340b"},"breadcrumb":{"@id":"https:\/\/elhijodelllanero.mx\/index.php\/2025\/03\/28\/inicia-el-decimo-festival-tradicion-y-sabor-en-celaya\/#breadcrumb"},"inLanguage":"es","potentialAction":[{"@type":"ReadAction","target":["https:\/\/elhijodelllanero.mx\/index.php\/2025\/03\/28\/inicia-el-decimo-festival-tradicion-y-sabor-en-celaya\/"]}]},{"@type":"ImageObject","inLanguage":"es","@id":"https:\/\/elhijodelllanero.mx\/index.php\/2025\/03\/28\/inicia-el-decimo-festival-tradicion-y-sabor-en-celaya\/#primaryimage","url":"https:\/\/i0.wp.com\/elhijodelllanero.mx\/wp-content\/uploads\/2025\/03\/8f3fadeb-0816-4fed-81af-9ad465440015.jpeg?fit=1280%2C905&ssl=1","contentUrl":"https:\/\/i0.wp.com\/elhijodelllanero.mx\/wp-content\/uploads\/2025\/03\/8f3fadeb-0816-4fed-81af-9ad465440015.jpeg?fit=1280%2C905&ssl=1","width":1280,"height":905},{"@type":"BreadcrumbList","@id":"https:\/\/elhijodelllanero.mx\/index.php\/2025\/03\/28\/inicia-el-decimo-festival-tradicion-y-sabor-en-celaya\/#breadcrumb","itemListElement":[{"@type":"ListItem","position":1,"name":"Portada","item":"https:\/\/elhijodelllanero.mx\/"},{"@type":"ListItem","position":2,"name":"INICIA EL D\u00c9CIMO FESTIVAL \u201cTRADICI\u00d3N Y SABOR\u201d EN CELAYA"}]},{"@type":"WebSite","@id":"https:\/\/elhijodelllanero.mx\/#website","url":"https:\/\/elhijodelllanero.mx\/","name":"El Hijo del llanero solititito","description":"","potentialAction":[{"@type":"SearchAction","target":{"@type":"EntryPoint","urlTemplate":"https:\/\/elhijodelllanero.mx\/?s={search_term_string}"},"query-input":{"@type":"PropertyValueSpecification","valueRequired":true,"valueName":"search_term_string"}}],"inLanguage":"es"},{"@type":"Person","@id":"https:\/\/elhijodelllanero.mx\/#\/schema\/person\/5dcfdd3db3a6f7e7906ef5d92cf7340b","name":"Redaccion","image":{"@type":"ImageObject","inLanguage":"es","@id":"https:\/\/secure.gravatar.com\/avatar\/f65b913d6e7be363e7396f7fad32ab76d311fbb575fa7e623ec3ea4799f3b718?s=96&d=mm&r=g","url":"https:\/\/secure.gravatar.com\/avatar\/f65b913d6e7be363e7396f7fad32ab76d311fbb575fa7e623ec3ea4799f3b718?s=96&d=mm&r=g","contentUrl":"https:\/\/secure.gravatar.com\/avatar\/f65b913d6e7be363e7396f7fad32ab76d311fbb575fa7e623ec3ea4799f3b718?s=96&d=mm&r=g","caption":"Redaccion"},"sameAs":["https:\/\/www.elhijodelllanero.mx"],"url":"https:\/\/elhijodelllanero.mx\/index.php\/author\/admin_6smc8z8t\/"}]}},"jetpack_featured_media_url":"https:\/\/i0.wp.com\/elhijodelllanero.mx\/wp-content\/uploads\/2025\/03\/8f3fadeb-0816-4fed-81af-9ad465440015.jpeg?fit=1280%2C905&ssl=1","jetpack-related-posts":[],"jetpack_sharing_enabled":true,"_links":{"self":[{"href":"https:\/\/elhijodelllanero.mx\/index.php\/wp-json\/wp\/v2\/posts\/9710","targetHints":{"allow":["GET"]}}],"collection":[{"href":"https:\/\/elhijodelllanero.mx\/index.php\/wp-json\/wp\/v2\/posts"}],"about":[{"href":"https:\/\/elhijodelllanero.mx\/index.php\/wp-json\/wp\/v2\/types\/post"}],"author":[{"embeddable":true,"href":"https:\/\/elhijodelllanero.mx\/index.php\/wp-json\/wp\/v2\/users\/1"}],"replies":[{"embeddable":true,"href":"https:\/\/elhijodelllanero.mx\/index.php\/wp-json\/wp\/v2\/comments?post=9710"}],"version-history":[{"count":1,"href":"https:\/\/elhijodelllanero.mx\/index.php\/wp-json\/wp\/v2\/posts\/9710\/revisions"}],"predecessor-version":[{"id":9712,"href":"https:\/\/elhijodelllanero.mx\/index.php\/wp-json\/wp\/v2\/posts\/9710\/revisions\/9712"}],"wp:featuredmedia":[{"embeddable":true,"href":"https:\/\/elhijodelllanero.mx\/index.php\/wp-json\/wp\/v2\/media\/9711"}],"wp:attachment":[{"href":"https:\/\/elhijodelllanero.mx\/index.php\/wp-json\/wp\/v2\/media?parent=9710"}],"wp:term":[{"taxonomy":"category","embeddable":true,"href":"https:\/\/elhijodelllanero.mx\/index.php\/wp-json\/wp\/v2\/categories?post=9710"},{"taxonomy":"post_tag","embeddable":true,"href":"https:\/\/elhijodelllanero.mx\/index.php\/wp-json\/wp\/v2\/tags?post=9710"}],"curies":[{"name":"wp","href":"https:\/\/api.w.org\/{rel}","templated":true}]}}