{"id":9718,"date":"2025-03-31T23:54:10","date_gmt":"2025-03-31T23:54:10","guid":{"rendered":"https:\/\/elhijodelllanero.mx\/?p=9718"},"modified":"2025-03-31T23:54:10","modified_gmt":"2025-03-31T23:54:10","slug":"inaugura-imjuv-cuarto-violeta","status":"publish","type":"post","link":"https:\/\/elhijodelllanero.mx\/index.php\/2025\/03\/31\/inaugura-imjuv-cuarto-violeta\/","title":{"rendered":"INAUGURA IMJUV \u201cCUARTO VIOLETA\u201d"},"content":{"rendered":"<p class=\"s9\"><span class=\"s10\">Con el objetivo de darle atenci\u00f3n primaria a las j\u00f3venes en situaciones vulnerables, el Instituto <\/span><span class=\"s10\">Municipal <\/span><span class=\"s10\">de la Juventud <\/span><span class=\"s10\">inaugur\u00f3<\/span> <span class=\"s10\">el \u201ccuarto violeta\u201d que facilitar\u00e1 la vinculaci\u00f3n con otras \u00e1reas hasta <\/span><span class=\"s10\">la <\/span><span class=\"s10\">atenci\u00f3n psicol\u00f3gica<\/span><span class=\"s10\">,<\/span><span class=\"s10\"> en coordinaci\u00f3n con el In<\/span><span class=\"s10\">stituto<\/span><span class=\"s10\"> Municipal<\/span><span class=\"s10\"> de la<\/span><span class=\"s10\">s<\/span><span class=\"s10\"> Mujer<\/span><span class=\"s10\">es<\/span><span class=\"s10\">.<\/span><\/p>\n<p class=\"s9\"><span class=\"s10\">En <\/span><span class=\"s10\">la<\/span><span class=\"s10\"> i<\/span><span class=\"s10\">nauguraci<\/span><span class=\"s10\">\u00f3<\/span><span class=\"s10\">n se tuvo la presencia del director del IMJUV, Jos<\/span><span class=\"s10\">\u00e9<\/span><span class=\"s10\"> Manuel Renter<\/span><span class=\"s10\">\u00ed<\/span><span class=\"s10\">a <\/span><span class=\"s10\">Gualito<\/span><span class=\"s10\">; Laura Casillas, presidenta del <\/span><span class=\"s10\">P<\/span><span class=\"s10\">atronato del DIF municipal de Celaya; la directora de INSMUJERES, Alma Guadalupe Virgen Salazar; la directora de Servicios Municipales, M<\/span><span class=\"s10\">ar<\/span><span class=\"s10\">\u00ed<\/span><span class=\"s10\">a de San Juan Espinosa Bola\u00f1os; la ganadora del premio municipal de la juventud 2024 en la categor<\/span><span class=\"s10\">\u00eda<\/span><span class=\"s10\"> de compromiso social, Carolina Paz.<\/span><\/p>\n<p class=\"s9\"><span class=\"s10\">La titular de la Unidad<\/span><span class=\"s10\">,<\/span><span class=\"s10\"> Janeth Allison Ram<\/span><span class=\"s10\">\u00ed<\/span><span class=\"s10\">rez,<\/span><span class=\"s10\"> dio detalles en c\u00f3mo estar\u00e1 operando este espacio, adem\u00e1s de hacer un recuento de la iniciativa para ayudar a las j\u00f3venes en situaciones vulnerables\u00a0<\/span><\/p>\n<p class=\"s9\"><span class=\"s10\">La directora de INSMUJERES, Alma Guadalupe Virgen Salazar, dijo que<\/span><span class=\"s10\">,<\/span><span class=\"s10\"> aunque se tiene atenci\u00f3n a las mujeres, el abrir este tipo de espacios permite que ent<\/span><span class=\"s10\">re j\u00f3venes puedan trabajar en conjunto y sentirse con mayor confianza, por lo que felicit\u00f3 al instituto por el \u201ccuarto violeta\u201d. <\/span><\/p>\n<p class=\"s9\"><span class=\"s10\">La embajadora del premio de la juventud 2024, Caro<\/span><span class=\"s10\">lina<\/span><span class=\"s10\">Paz<\/span><span class=\"s10\">,<\/span><span class=\"s10\"> dio un mensaje dando a conocer que ser\u00e1 de utilidad el difundir este <\/span><span class=\"s10\">tipo de apoyo a las j\u00f3venes.<\/span><\/p>\n<p class=\"s9\"><span class=\"s10\">El cuarto violeta es un espacio adaptado para las j\u00f3venes celayenses<\/span><span class=\"s10\">,<\/span><span class=\"s10\"> desde emprendedoras hasta atenci\u00f3n psicol\u00f3gica<\/span><span class=\"s10\">,<\/span><span class=\"s10\">para mujeres <\/span><span class=\"s10\">j\u00f3venes que viven alguna situaci\u00f3n vulnerable. <\/span><\/p>\n<p class=\"s9\"><span class=\"s10\">En est<\/span><span class=\"s10\">e siti<\/span><span class=\"s10\">o se facilitar\u00e1 la vinculaci\u00f3n hacia otras \u00e1reas como direcciones y coordinaciones de la administraci\u00f3n, entre ellas INSMUJERES.<\/span><\/p>\n","protected":false},"excerpt":{"rendered":"<p>Con el objetivo de darle atenci\u00f3n primaria a las j\u00f3venes en situaciones vulnerables, el Instituto Municipal de la Juventud inaugur\u00f3 el \u201ccuarto violeta\u201d que facilitar\u00e1 la vinculaci\u00f3n con otras \u00e1reas hasta la atenci\u00f3n psicol\u00f3gica, en coordinaci\u00f3n con el Instituto Municipal de las Mujeres. En la inauguraci\u00f3n se tuvo la presencia del director del IMJUV, Jos\u00e9 [&hellip;]<\/p>\n","protected":false},"author":1,"featured_media":9715,"comment_status":"open","ping_status":"closed","sticky":false,"template":"","format":"standard","meta":{"_jetpack_newsletter_access":"","_jetpack_dont_email_post_to_subs":false,"_jetpack_newsletter_tier_id":0,"_jetpack_memberships_contains_paywalled_content":false,"_jetpack_memberships_contains_paid_content":false,"footnotes":""},"categories":[74],"tags":[],"class_list":{"0":"post-9718","1":"post","2":"type-post","3":"status-publish","4":"format-standard","5":"has-post-thumbnail","7":"category-celaya"},"yoast_head":"<!-- This site is optimized with the Yoast SEO plugin v27.3 - https:\/\/yoast.com\/product\/yoast-seo-wordpress\/ -->\n<title>INAUGURA IMJUV \u201cCUARTO VIOLETA\u201d - El Hijo del llanero solititito<\/title>\n<meta name=\"robots\" content=\"index, follow, max-snippet:-1, max-image-preview:large, max-video-preview:-1\" \/>\n<link rel=\"canonical\" href=\"https:\/\/elhijodelllanero.mx\/index.php\/2025\/03\/31\/inaugura-imjuv-cuarto-violeta\/\" \/>\n<meta property=\"og:locale\" content=\"es_ES\" \/>\n<meta property=\"og:type\" content=\"article\" \/>\n<meta property=\"og:title\" content=\"INAUGURA IMJUV \u201cCUARTO VIOLETA\u201d - El Hijo del llanero solititito\" \/>\n<meta property=\"og:description\" content=\"Con el objetivo de darle atenci\u00f3n primaria a las j\u00f3venes en situaciones vulnerables, el Instituto Municipal de la Juventud inaugur\u00f3 el \u201ccuarto violeta\u201d que facilitar\u00e1 la vinculaci\u00f3n con otras \u00e1reas hasta la atenci\u00f3n psicol\u00f3gica, en coordinaci\u00f3n con el Instituto Municipal de las Mujeres. En la inauguraci\u00f3n se tuvo la presencia del director del IMJUV, Jos\u00e9 [&hellip;]\" \/>\n<meta property=\"og:url\" content=\"https:\/\/elhijodelllanero.mx\/index.php\/2025\/03\/31\/inaugura-imjuv-cuarto-violeta\/\" \/>\n<meta property=\"og:site_name\" content=\"El Hijo del llanero solititito\" \/>\n<meta property=\"article:published_time\" content=\"2025-03-31T23:54:10+00:00\" \/>\n<meta property=\"og:image\" content=\"https:\/\/elhijodelllanero.mx\/wp-content\/uploads\/2025\/03\/4dc4a5ca-6549-41d6-8350-7bd37e16daa1.jpeg\" \/>\n\t<meta property=\"og:image:width\" content=\"1280\" \/>\n\t<meta property=\"og:image:height\" content=\"960\" \/>\n\t<meta property=\"og:image:type\" content=\"image\/jpeg\" \/>\n<meta name=\"author\" content=\"Redaccion\" \/>\n<meta name=\"twitter:card\" content=\"summary_large_image\" \/>\n<meta name=\"twitter:label1\" content=\"Escrito por\" \/>\n\t<meta name=\"twitter:data1\" content=\"Redaccion\" \/>\n\t<meta name=\"twitter:label2\" content=\"Tiempo de lectura\" \/>\n\t<meta name=\"twitter:data2\" content=\"2 minutos\" \/>\n<script type=\"application\/ld+json\" class=\"yoast-schema-graph\">{\"@context\":\"https:\\\/\\\/schema.org\",\"@graph\":[{\"@type\":\"Article\",\"@id\":\"https:\\\/\\\/elhijodelllanero.mx\\\/index.php\\\/2025\\\/03\\\/31\\\/inaugura-imjuv-cuarto-violeta\\\/#article\",\"isPartOf\":{\"@id\":\"https:\\\/\\\/elhijodelllanero.mx\\\/index.php\\\/2025\\\/03\\\/31\\\/inaugura-imjuv-cuarto-violeta\\\/\"},\"author\":{\"name\":\"Redaccion\",\"@id\":\"https:\\\/\\\/elhijodelllanero.mx\\\/#\\\/schema\\\/person\\\/5dcfdd3db3a6f7e7906ef5d92cf7340b\"},\"headline\":\"INAUGURA IMJUV \u201cCUARTO VIOLETA\u201d\",\"datePublished\":\"2025-03-31T23:54:10+00:00\",\"mainEntityOfPage\":{\"@id\":\"https:\\\/\\\/elhijodelllanero.mx\\\/index.php\\\/2025\\\/03\\\/31\\\/inaugura-imjuv-cuarto-violeta\\\/\"},\"wordCount\":292,\"commentCount\":0,\"image\":{\"@id\":\"https:\\\/\\\/elhijodelllanero.mx\\\/index.php\\\/2025\\\/03\\\/31\\\/inaugura-imjuv-cuarto-violeta\\\/#primaryimage\"},\"thumbnailUrl\":\"https:\\\/\\\/i0.wp.com\\\/elhijodelllanero.mx\\\/wp-content\\\/uploads\\\/2025\\\/03\\\/4dc4a5ca-6549-41d6-8350-7bd37e16daa1.jpeg?fit=1280%2C960&ssl=1\",\"articleSection\":[\"CELAYA\"],\"inLanguage\":\"es\",\"potentialAction\":[{\"@type\":\"CommentAction\",\"name\":\"Comment\",\"target\":[\"https:\\\/\\\/elhijodelllanero.mx\\\/index.php\\\/2025\\\/03\\\/31\\\/inaugura-imjuv-cuarto-violeta\\\/#respond\"]}]},{\"@type\":\"WebPage\",\"@id\":\"https:\\\/\\\/elhijodelllanero.mx\\\/index.php\\\/2025\\\/03\\\/31\\\/inaugura-imjuv-cuarto-violeta\\\/\",\"url\":\"https:\\\/\\\/elhijodelllanero.mx\\\/index.php\\\/2025\\\/03\\\/31\\\/inaugura-imjuv-cuarto-violeta\\\/\",\"name\":\"INAUGURA IMJUV \u201cCUARTO VIOLETA\u201d - El Hijo del llanero solititito\",\"isPartOf\":{\"@id\":\"https:\\\/\\\/elhijodelllanero.mx\\\/#website\"},\"primaryImageOfPage\":{\"@id\":\"https:\\\/\\\/elhijodelllanero.mx\\\/index.php\\\/2025\\\/03\\\/31\\\/inaugura-imjuv-cuarto-violeta\\\/#primaryimage\"},\"image\":{\"@id\":\"https:\\\/\\\/elhijodelllanero.mx\\\/index.php\\\/2025\\\/03\\\/31\\\/inaugura-imjuv-cuarto-violeta\\\/#primaryimage\"},\"thumbnailUrl\":\"https:\\\/\\\/i0.wp.com\\\/elhijodelllanero.mx\\\/wp-content\\\/uploads\\\/2025\\\/03\\\/4dc4a5ca-6549-41d6-8350-7bd37e16daa1.jpeg?fit=1280%2C960&ssl=1\",\"datePublished\":\"2025-03-31T23:54:10+00:00\",\"author\":{\"@id\":\"https:\\\/\\\/elhijodelllanero.mx\\\/#\\\/schema\\\/person\\\/5dcfdd3db3a6f7e7906ef5d92cf7340b\"},\"breadcrumb\":{\"@id\":\"https:\\\/\\\/elhijodelllanero.mx\\\/index.php\\\/2025\\\/03\\\/31\\\/inaugura-imjuv-cuarto-violeta\\\/#breadcrumb\"},\"inLanguage\":\"es\",\"potentialAction\":[{\"@type\":\"ReadAction\",\"target\":[\"https:\\\/\\\/elhijodelllanero.mx\\\/index.php\\\/2025\\\/03\\\/31\\\/inaugura-imjuv-cuarto-violeta\\\/\"]}]},{\"@type\":\"ImageObject\",\"inLanguage\":\"es\",\"@id\":\"https:\\\/\\\/elhijodelllanero.mx\\\/index.php\\\/2025\\\/03\\\/31\\\/inaugura-imjuv-cuarto-violeta\\\/#primaryimage\",\"url\":\"https:\\\/\\\/i0.wp.com\\\/elhijodelllanero.mx\\\/wp-content\\\/uploads\\\/2025\\\/03\\\/4dc4a5ca-6549-41d6-8350-7bd37e16daa1.jpeg?fit=1280%2C960&ssl=1\",\"contentUrl\":\"https:\\\/\\\/i0.wp.com\\\/elhijodelllanero.mx\\\/wp-content\\\/uploads\\\/2025\\\/03\\\/4dc4a5ca-6549-41d6-8350-7bd37e16daa1.jpeg?fit=1280%2C960&ssl=1\",\"width\":1280,\"height\":960},{\"@type\":\"BreadcrumbList\",\"@id\":\"https:\\\/\\\/elhijodelllanero.mx\\\/index.php\\\/2025\\\/03\\\/31\\\/inaugura-imjuv-cuarto-violeta\\\/#breadcrumb\",\"itemListElement\":[{\"@type\":\"ListItem\",\"position\":1,\"name\":\"Portada\",\"item\":\"https:\\\/\\\/elhijodelllanero.mx\\\/\"},{\"@type\":\"ListItem\",\"position\":2,\"name\":\"INAUGURA IMJUV \u201cCUARTO VIOLETA\u201d\"}]},{\"@type\":\"WebSite\",\"@id\":\"https:\\\/\\\/elhijodelllanero.mx\\\/#website\",\"url\":\"https:\\\/\\\/elhijodelllanero.mx\\\/\",\"name\":\"El Hijo del llanero solititito\",\"description\":\"\",\"potentialAction\":[{\"@type\":\"SearchAction\",\"target\":{\"@type\":\"EntryPoint\",\"urlTemplate\":\"https:\\\/\\\/elhijodelllanero.mx\\\/?s={search_term_string}\"},\"query-input\":{\"@type\":\"PropertyValueSpecification\",\"valueRequired\":true,\"valueName\":\"search_term_string\"}}],\"inLanguage\":\"es\"},{\"@type\":\"Person\",\"@id\":\"https:\\\/\\\/elhijodelllanero.mx\\\/#\\\/schema\\\/person\\\/5dcfdd3db3a6f7e7906ef5d92cf7340b\",\"name\":\"Redaccion\",\"image\":{\"@type\":\"ImageObject\",\"inLanguage\":\"es\",\"@id\":\"https:\\\/\\\/secure.gravatar.com\\\/avatar\\\/f65b913d6e7be363e7396f7fad32ab76d311fbb575fa7e623ec3ea4799f3b718?s=96&d=mm&r=g\",\"url\":\"https:\\\/\\\/secure.gravatar.com\\\/avatar\\\/f65b913d6e7be363e7396f7fad32ab76d311fbb575fa7e623ec3ea4799f3b718?s=96&d=mm&r=g\",\"contentUrl\":\"https:\\\/\\\/secure.gravatar.com\\\/avatar\\\/f65b913d6e7be363e7396f7fad32ab76d311fbb575fa7e623ec3ea4799f3b718?s=96&d=mm&r=g\",\"caption\":\"Redaccion\"},\"sameAs\":[\"https:\\\/\\\/www.elhijodelllanero.mx\"],\"url\":\"https:\\\/\\\/elhijodelllanero.mx\\\/index.php\\\/author\\\/admin_6smc8z8t\\\/\"}]}<\/script>\n<!-- \/ Yoast SEO plugin. -->","yoast_head_json":{"title":"INAUGURA IMJUV \u201cCUARTO VIOLETA\u201d - El Hijo del llanero solititito","robots":{"index":"index","follow":"follow","max-snippet":"max-snippet:-1","max-image-preview":"max-image-preview:large","max-video-preview":"max-video-preview:-1"},"canonical":"https:\/\/elhijodelllanero.mx\/index.php\/2025\/03\/31\/inaugura-imjuv-cuarto-violeta\/","og_locale":"es_ES","og_type":"article","og_title":"INAUGURA IMJUV \u201cCUARTO VIOLETA\u201d - El Hijo del llanero solititito","og_description":"Con el objetivo de darle atenci\u00f3n primaria a las j\u00f3venes en situaciones vulnerables, el Instituto Municipal de la Juventud inaugur\u00f3 el \u201ccuarto violeta\u201d que facilitar\u00e1 la vinculaci\u00f3n con otras \u00e1reas hasta la atenci\u00f3n psicol\u00f3gica, en coordinaci\u00f3n con el Instituto Municipal de las Mujeres. En la inauguraci\u00f3n se tuvo la presencia del director del IMJUV, Jos\u00e9 [&hellip;]","og_url":"https:\/\/elhijodelllanero.mx\/index.php\/2025\/03\/31\/inaugura-imjuv-cuarto-violeta\/","og_site_name":"El Hijo del llanero solititito","article_published_time":"2025-03-31T23:54:10+00:00","og_image":[{"width":1280,"height":960,"url":"https:\/\/elhijodelllanero.mx\/wp-content\/uploads\/2025\/03\/4dc4a5ca-6549-41d6-8350-7bd37e16daa1.jpeg","type":"image\/jpeg"}],"author":"Redaccion","twitter_card":"summary_large_image","twitter_misc":{"Escrito por":"Redaccion","Tiempo de lectura":"2 minutos"},"schema":{"@context":"https:\/\/schema.org","@graph":[{"@type":"Article","@id":"https:\/\/elhijodelllanero.mx\/index.php\/2025\/03\/31\/inaugura-imjuv-cuarto-violeta\/#article","isPartOf":{"@id":"https:\/\/elhijodelllanero.mx\/index.php\/2025\/03\/31\/inaugura-imjuv-cuarto-violeta\/"},"author":{"name":"Redaccion","@id":"https:\/\/elhijodelllanero.mx\/#\/schema\/person\/5dcfdd3db3a6f7e7906ef5d92cf7340b"},"headline":"INAUGURA IMJUV \u201cCUARTO VIOLETA\u201d","datePublished":"2025-03-31T23:54:10+00:00","mainEntityOfPage":{"@id":"https:\/\/elhijodelllanero.mx\/index.php\/2025\/03\/31\/inaugura-imjuv-cuarto-violeta\/"},"wordCount":292,"commentCount":0,"image":{"@id":"https:\/\/elhijodelllanero.mx\/index.php\/2025\/03\/31\/inaugura-imjuv-cuarto-violeta\/#primaryimage"},"thumbnailUrl":"https:\/\/i0.wp.com\/elhijodelllanero.mx\/wp-content\/uploads\/2025\/03\/4dc4a5ca-6549-41d6-8350-7bd37e16daa1.jpeg?fit=1280%2C960&ssl=1","articleSection":["CELAYA"],"inLanguage":"es","potentialAction":[{"@type":"CommentAction","name":"Comment","target":["https:\/\/elhijodelllanero.mx\/index.php\/2025\/03\/31\/inaugura-imjuv-cuarto-violeta\/#respond"]}]},{"@type":"WebPage","@id":"https:\/\/elhijodelllanero.mx\/index.php\/2025\/03\/31\/inaugura-imjuv-cuarto-violeta\/","url":"https:\/\/elhijodelllanero.mx\/index.php\/2025\/03\/31\/inaugura-imjuv-cuarto-violeta\/","name":"INAUGURA IMJUV \u201cCUARTO VIOLETA\u201d - El Hijo del llanero solititito","isPartOf":{"@id":"https:\/\/elhijodelllanero.mx\/#website"},"primaryImageOfPage":{"@id":"https:\/\/elhijodelllanero.mx\/index.php\/2025\/03\/31\/inaugura-imjuv-cuarto-violeta\/#primaryimage"},"image":{"@id":"https:\/\/elhijodelllanero.mx\/index.php\/2025\/03\/31\/inaugura-imjuv-cuarto-violeta\/#primaryimage"},"thumbnailUrl":"https:\/\/i0.wp.com\/elhijodelllanero.mx\/wp-content\/uploads\/2025\/03\/4dc4a5ca-6549-41d6-8350-7bd37e16daa1.jpeg?fit=1280%2C960&ssl=1","datePublished":"2025-03-31T23:54:10+00:00","author":{"@id":"https:\/\/elhijodelllanero.mx\/#\/schema\/person\/5dcfdd3db3a6f7e7906ef5d92cf7340b"},"breadcrumb":{"@id":"https:\/\/elhijodelllanero.mx\/index.php\/2025\/03\/31\/inaugura-imjuv-cuarto-violeta\/#breadcrumb"},"inLanguage":"es","potentialAction":[{"@type":"ReadAction","target":["https:\/\/elhijodelllanero.mx\/index.php\/2025\/03\/31\/inaugura-imjuv-cuarto-violeta\/"]}]},{"@type":"ImageObject","inLanguage":"es","@id":"https:\/\/elhijodelllanero.mx\/index.php\/2025\/03\/31\/inaugura-imjuv-cuarto-violeta\/#primaryimage","url":"https:\/\/i0.wp.com\/elhijodelllanero.mx\/wp-content\/uploads\/2025\/03\/4dc4a5ca-6549-41d6-8350-7bd37e16daa1.jpeg?fit=1280%2C960&ssl=1","contentUrl":"https:\/\/i0.wp.com\/elhijodelllanero.mx\/wp-content\/uploads\/2025\/03\/4dc4a5ca-6549-41d6-8350-7bd37e16daa1.jpeg?fit=1280%2C960&ssl=1","width":1280,"height":960},{"@type":"BreadcrumbList","@id":"https:\/\/elhijodelllanero.mx\/index.php\/2025\/03\/31\/inaugura-imjuv-cuarto-violeta\/#breadcrumb","itemListElement":[{"@type":"ListItem","position":1,"name":"Portada","item":"https:\/\/elhijodelllanero.mx\/"},{"@type":"ListItem","position":2,"name":"INAUGURA IMJUV \u201cCUARTO VIOLETA\u201d"}]},{"@type":"WebSite","@id":"https:\/\/elhijodelllanero.mx\/#website","url":"https:\/\/elhijodelllanero.mx\/","name":"El Hijo del llanero solititito","description":"","potentialAction":[{"@type":"SearchAction","target":{"@type":"EntryPoint","urlTemplate":"https:\/\/elhijodelllanero.mx\/?s={search_term_string}"},"query-input":{"@type":"PropertyValueSpecification","valueRequired":true,"valueName":"search_term_string"}}],"inLanguage":"es"},{"@type":"Person","@id":"https:\/\/elhijodelllanero.mx\/#\/schema\/person\/5dcfdd3db3a6f7e7906ef5d92cf7340b","name":"Redaccion","image":{"@type":"ImageObject","inLanguage":"es","@id":"https:\/\/secure.gravatar.com\/avatar\/f65b913d6e7be363e7396f7fad32ab76d311fbb575fa7e623ec3ea4799f3b718?s=96&d=mm&r=g","url":"https:\/\/secure.gravatar.com\/avatar\/f65b913d6e7be363e7396f7fad32ab76d311fbb575fa7e623ec3ea4799f3b718?s=96&d=mm&r=g","contentUrl":"https:\/\/secure.gravatar.com\/avatar\/f65b913d6e7be363e7396f7fad32ab76d311fbb575fa7e623ec3ea4799f3b718?s=96&d=mm&r=g","caption":"Redaccion"},"sameAs":["https:\/\/www.elhijodelllanero.mx"],"url":"https:\/\/elhijodelllanero.mx\/index.php\/author\/admin_6smc8z8t\/"}]}},"jetpack_featured_media_url":"https:\/\/i0.wp.com\/elhijodelllanero.mx\/wp-content\/uploads\/2025\/03\/4dc4a5ca-6549-41d6-8350-7bd37e16daa1.jpeg?fit=1280%2C960&ssl=1","jetpack-related-posts":[],"jetpack_sharing_enabled":true,"_links":{"self":[{"href":"https:\/\/elhijodelllanero.mx\/index.php\/wp-json\/wp\/v2\/posts\/9718","targetHints":{"allow":["GET"]}}],"collection":[{"href":"https:\/\/elhijodelllanero.mx\/index.php\/wp-json\/wp\/v2\/posts"}],"about":[{"href":"https:\/\/elhijodelllanero.mx\/index.php\/wp-json\/wp\/v2\/types\/post"}],"author":[{"embeddable":true,"href":"https:\/\/elhijodelllanero.mx\/index.php\/wp-json\/wp\/v2\/users\/1"}],"replies":[{"embeddable":true,"href":"https:\/\/elhijodelllanero.mx\/index.php\/wp-json\/wp\/v2\/comments?post=9718"}],"version-history":[{"count":1,"href":"https:\/\/elhijodelllanero.mx\/index.php\/wp-json\/wp\/v2\/posts\/9718\/revisions"}],"predecessor-version":[{"id":9720,"href":"https:\/\/elhijodelllanero.mx\/index.php\/wp-json\/wp\/v2\/posts\/9718\/revisions\/9720"}],"wp:featuredmedia":[{"embeddable":true,"href":"https:\/\/elhijodelllanero.mx\/index.php\/wp-json\/wp\/v2\/media\/9715"}],"wp:attachment":[{"href":"https:\/\/elhijodelllanero.mx\/index.php\/wp-json\/wp\/v2\/media?parent=9718"}],"wp:term":[{"taxonomy":"category","embeddable":true,"href":"https:\/\/elhijodelllanero.mx\/index.php\/wp-json\/wp\/v2\/categories?post=9718"},{"taxonomy":"post_tag","embeddable":true,"href":"https:\/\/elhijodelllanero.mx\/index.php\/wp-json\/wp\/v2\/tags?post=9718"}],"curies":[{"name":"wp","href":"https:\/\/api.w.org\/{rel}","templated":true}]}}